{"id":2557,"date":"2025-06-20T16:07:12","date_gmt":"2025-06-20T16:07:12","guid":{"rendered":"https:\/\/periodicocentroccidente.com\/?p=2557"},"modified":"2025-06-20T16:07:12","modified_gmt":"2025-06-20T16:07:12","slug":"emisora-productiva-95-1fm-arribo-a-su-17-aniversario","status":"publish","type":"post","link":"https:\/\/periodicocentroccidente.com\/?p=2557","title":{"rendered":"Emisora \u00abProductiva 95.1FM\u00bb arrib\u00f3 a su 17 aniversario."},"content":{"rendered":"<p><strong>Especial.-<\/strong><\/p>\n<div dir=\"auto\">Este 18 de junio arrib\u00f3 a su 17 aniversario la emisora productiva 95.1 FM de transmisi\u00f3nes ininterrumpida al aire; ubicada en el municipio Guanarito del estado portuguesa. Con una programaci\u00f3n educativa, cultural, d\u00f3nde tienen participaci\u00f3n los deportistas, las iglesias religiosas. Para el s\u00e1bado 21 de junio en el centro tur\u00edstico el Cimarr\u00f3n ser\u00e1 el sitio donde estar\u00e1n presentes cantantes de m\u00fasica llanera, m\u00fasica Serranera y diferentes grupos musicales.<\/div>\n<div dir=\"auto\"><\/div>\n<div dir=\"auto\">Est\u00e1 emisora fundada en el a\u00f1o 2008 en la comunidad las mar\u00edas bajo la direcci\u00f3n del licenciado Ender porras, naci\u00f3 con la misi\u00f3n de exaltar la importancia de los medios alternativos y comunitarios por medio de la participaci\u00f3n ciudadana para utilizar el espectro radio electrico, sin olvidar su norte de informar educar y entretener.<\/div>\n<div dir=\"auto\"><\/div>\n<div dir=\"auto\">La emisora productiva 95.1 FM ofrece una parrilla de programas de m\u00fasica llanera y dem\u00e1s g\u00e9neros musicales de noticias que sirven para consolidar la convivencia en Guanarito y \u00e1reas rurales.<\/div>\n<div dir=\"auto\"><\/div>\n<div dir=\"auto\">Desde la redacci\u00f3n de \u00abEl Periodico Centroccidente de Portuguesa\u00bb hacemos llegar nuestras palabras de felicitaciones y desearles continuidad en la excelente labor que vienen desarrollando en tan importante municipio del estado Portuguesa la tierra del Silbon, tambien forman parte de nuestros aliados comerciales.<\/div>\n","protected":false},"excerpt":{"rendered":"<p>Especial.- Este 18 de junio arrib&oacute; a su 17 aniversario la emisora productiva 95.1 FM de transmisi&oacute;nes ininterrumpida al aire; ubicada en el municipio Guanarito del estado portuguesa. Con una programaci&oacute;n educativa, cultural, d&oacute;nde tienen participaci&oacute;n los deportistas, las iglesias religiosas. Para el s&aacute;bado 21 de junio en el centro tur&iacute;stico el Cimarr&oacute;n ser&aacute; el &hellip;<\/p>\n","protected":false},"author":2,"featured_media":2558,"comment_status":"open","ping_status":"open","sticky":false,"template":"","format":"standard","meta":{"_jetpack_memberships_contains_paid_content":false,"footnotes":""},"categories":[127],"tags":[],"class_list":["post-2557","post","type-post","status-publish","format-standard","has-post-thumbnail","hentry","category-noticias-recientes"],"yoast_head":"<!-- This site is optimized with the Yoast SEO plugin v24.8.1 - https:\/\/yoast.com\/wordpress\/plugins\/seo\/ -->\n<title>Emisora &quot;Productiva 95.1FM&quot; arrib\u00f3 a su 17 aniversario. -<\/title>\n<meta name=\"robots\" content=\"index, follow, max-snippet:-1, max-image-preview:large, max-video-preview:-1\" \/>\n<link rel=\"canonical\" href=\"https:\/\/periodicocentroccidente.com\/?p=2557\" \/>\n<meta property=\"og:locale\" content=\"es_ES\" \/>\n<meta property=\"og:type\" content=\"article\" \/>\n<meta property=\"og:title\" content=\"Emisora &quot;Productiva 95.1FM&quot; arrib\u00f3 a su 17 aniversario. -\" \/>\n<meta property=\"og:description\" content=\"Especial.- Este 18 de junio arrib&oacute; a su 17 aniversario la emisora productiva 95.1 FM de transmisi&oacute;nes ininterrumpida al aire; ubicada en el municipio Guanarito del estado portuguesa. Con una programaci&oacute;n educativa, cultural, d&oacute;nde tienen participaci&oacute;n los deportistas, las iglesias religiosas. Para el s&aacute;bado 21 de junio en el centro tur&iacute;stico el Cimarr&oacute;n ser&aacute; el &hellip;\" \/>\n<meta property=\"og:url\" content=\"https:\/\/periodicocentroccidente.com\/?p=2557\" \/>\n<meta property=\"article:published_time\" content=\"2025-06-20T16:07:12+00:00\" \/>\n<meta property=\"og:image\" content=\"https:\/\/periodicocentroccidente.com\/wp-content\/uploads\/2025\/06\/IMG-20250619-WA0014.jpg\" \/>\n\t<meta property=\"og:image:width\" content=\"720\" \/>\n\t<meta property=\"og:image:height\" content=\"741\" \/>\n\t<meta property=\"og:image:type\" content=\"image\/jpeg\" \/>\n<meta name=\"author\" content=\"Ricardo\" \/>\n<meta name=\"twitter:card\" content=\"summary_large_image\" \/>\n<meta name=\"twitter:label1\" content=\"Escrito por\" \/>\n\t<meta name=\"twitter:data1\" content=\"Ricardo\" \/>\n\t<meta name=\"twitter:label2\" content=\"Tiempo de lectura\" \/>\n\t<meta name=\"twitter:data2\" content=\"2 minutos\" \/>\n<script type=\"application\/ld+json\" class=\"yoast-schema-graph\">{\"@context\":\"https:\/\/schema.org\",\"@graph\":[{\"@type\":\"WebPage\",\"@id\":\"https:\/\/periodicocentroccidente.com\/?p=2557\",\"url\":\"https:\/\/periodicocentroccidente.com\/?p=2557\",\"name\":\"Emisora \\\"Productiva 95.1FM\\\" arrib\u00f3 a su 17 aniversario. -\",\"isPartOf\":{\"@id\":\"https:\/\/periodicocentroccidente.com\/#website\"},\"primaryImageOfPage\":{\"@id\":\"https:\/\/periodicocentroccidente.com\/?p=2557#primaryimage\"},\"image\":{\"@id\":\"https:\/\/periodicocentroccidente.com\/?p=2557#primaryimage\"},\"thumbnailUrl\":\"https:\/\/periodicocentroccidente.com\/wp-content\/uploads\/2025\/06\/IMG-20250619-WA0014.jpg\",\"datePublished\":\"2025-06-20T16:07:12+00:00\",\"author\":{\"@id\":\"https:\/\/periodicocentroccidente.com\/#\/schema\/person\/f4e4a651098f3db198244657b7130e7e\"},\"breadcrumb\":{\"@id\":\"https:\/\/periodicocentroccidente.com\/?p=2557#breadcrumb\"},\"inLanguage\":\"es\",\"potentialAction\":[{\"@type\":\"ReadAction\",\"target\":[\"https:\/\/periodicocentroccidente.com\/?p=2557\"]}]},{\"@type\":\"ImageObject\",\"inLanguage\":\"es\",\"@id\":\"https:\/\/periodicocentroccidente.com\/?p=2557#primaryimage\",\"url\":\"https:\/\/periodicocentroccidente.com\/wp-content\/uploads\/2025\/06\/IMG-20250619-WA0014.jpg\",\"contentUrl\":\"https:\/\/periodicocentroccidente.com\/wp-content\/uploads\/2025\/06\/IMG-20250619-WA0014.jpg\",\"width\":720,\"height\":741},{\"@type\":\"BreadcrumbList\",\"@id\":\"https:\/\/periodicocentroccidente.com\/?p=2557#breadcrumb\",\"itemListElement\":[{\"@type\":\"ListItem\",\"position\":1,\"name\":\"Portada\",\"item\":\"https:\/\/periodicocentroccidente.com\/\"},{\"@type\":\"ListItem\",\"position\":2,\"name\":\"Emisora \u00abProductiva 95.1FM\u00bb arrib\u00f3 a su 17 aniversario.\"}]},{\"@type\":\"WebSite\",\"@id\":\"https:\/\/periodicocentroccidente.com\/#website\",\"url\":\"https:\/\/periodicocentroccidente.com\/\",\"name\":\"\",\"description\":\"Periodismo serio y responsable\",\"potentialAction\":[{\"@type\":\"SearchAction\",\"target\":{\"@type\":\"EntryPoint\",\"urlTemplate\":\"https:\/\/periodicocentroccidente.com\/?s={search_term_string}\"},\"query-input\":{\"@type\":\"PropertyValueSpecification\",\"valueRequired\":true,\"valueName\":\"search_term_string\"}}],\"inLanguage\":\"es\"},{\"@type\":\"Person\",\"@id\":\"https:\/\/periodicocentroccidente.com\/#\/schema\/person\/f4e4a651098f3db198244657b7130e7e\",\"name\":\"Ricardo\",\"image\":{\"@type\":\"ImageObject\",\"inLanguage\":\"es\",\"@id\":\"https:\/\/periodicocentroccidente.com\/#\/schema\/person\/image\/\",\"url\":\"https:\/\/secure.gravatar.com\/avatar\/402e6137108ec0fdaa7809184382fb1dd2f8b00264c1d945d341f2b8f90db429?s=96&d=mm&r=g\",\"contentUrl\":\"https:\/\/secure.gravatar.com\/avatar\/402e6137108ec0fdaa7809184382fb1dd2f8b00264c1d945d341f2b8f90db429?s=96&d=mm&r=g\",\"caption\":\"Ricardo\"},\"url\":\"https:\/\/periodicocentroccidente.com\/?author=2\"}]}<\/script>\n<!-- \/ Yoast SEO plugin. -->","yoast_head_json":{"title":"Emisora \"Productiva 95.1FM\" arrib\u00f3 a su 17 aniversario. -","robots":{"index":"index","follow":"follow","max-snippet":"max-snippet:-1","max-image-preview":"max-image-preview:large","max-video-preview":"max-video-preview:-1"},"canonical":"https:\/\/periodicocentroccidente.com\/?p=2557","og_locale":"es_ES","og_type":"article","og_title":"Emisora \"Productiva 95.1FM\" arrib\u00f3 a su 17 aniversario. -","og_description":"Especial.- Este 18 de junio arrib&oacute; a su 17 aniversario la emisora productiva 95.1 FM de transmisi&oacute;nes ininterrumpida al aire; ubicada en el municipio Guanarito del estado portuguesa. Con una programaci&oacute;n educativa, cultural, d&oacute;nde tienen participaci&oacute;n los deportistas, las iglesias religiosas. Para el s&aacute;bado 21 de junio en el centro tur&iacute;stico el Cimarr&oacute;n ser&aacute; el &hellip;","og_url":"https:\/\/periodicocentroccidente.com\/?p=2557","article_published_time":"2025-06-20T16:07:12+00:00","og_image":[{"width":720,"height":741,"url":"https:\/\/periodicocentroccidente.com\/wp-content\/uploads\/2025\/06\/IMG-20250619-WA0014.jpg","type":"image\/jpeg"}],"author":"Ricardo","twitter_card":"summary_large_image","twitter_misc":{"Escrito por":"Ricardo","Tiempo de lectura":"2 minutos"},"schema":{"@context":"https:\/\/schema.org","@graph":[{"@type":"WebPage","@id":"https:\/\/periodicocentroccidente.com\/?p=2557","url":"https:\/\/periodicocentroccidente.com\/?p=2557","name":"Emisora \"Productiva 95.1FM\" arrib\u00f3 a su 17 aniversario. -","isPartOf":{"@id":"https:\/\/periodicocentroccidente.com\/#website"},"primaryImageOfPage":{"@id":"https:\/\/periodicocentroccidente.com\/?p=2557#primaryimage"},"image":{"@id":"https:\/\/periodicocentroccidente.com\/?p=2557#primaryimage"},"thumbnailUrl":"https:\/\/periodicocentroccidente.com\/wp-content\/uploads\/2025\/06\/IMG-20250619-WA0014.jpg","datePublished":"2025-06-20T16:07:12+00:00","author":{"@id":"https:\/\/periodicocentroccidente.com\/#\/schema\/person\/f4e4a651098f3db198244657b7130e7e"},"breadcrumb":{"@id":"https:\/\/periodicocentroccidente.com\/?p=2557#breadcrumb"},"inLanguage":"es","potentialAction":[{"@type":"ReadAction","target":["https:\/\/periodicocentroccidente.com\/?p=2557"]}]},{"@type":"ImageObject","inLanguage":"es","@id":"https:\/\/periodicocentroccidente.com\/?p=2557#primaryimage","url":"https:\/\/periodicocentroccidente.com\/wp-content\/uploads\/2025\/06\/IMG-20250619-WA0014.jpg","contentUrl":"https:\/\/periodicocentroccidente.com\/wp-content\/uploads\/2025\/06\/IMG-20250619-WA0014.jpg","width":720,"height":741},{"@type":"BreadcrumbList","@id":"https:\/\/periodicocentroccidente.com\/?p=2557#breadcrumb","itemListElement":[{"@type":"ListItem","position":1,"name":"Portada","item":"https:\/\/periodicocentroccidente.com\/"},{"@type":"ListItem","position":2,"name":"Emisora \u00abProductiva 95.1FM\u00bb arrib\u00f3 a su 17 aniversario."}]},{"@type":"WebSite","@id":"https:\/\/periodicocentroccidente.com\/#website","url":"https:\/\/periodicocentroccidente.com\/","name":"","description":"Periodismo serio y responsable","potentialAction":[{"@type":"SearchAction","target":{"@type":"EntryPoint","urlTemplate":"https:\/\/periodicocentroccidente.com\/?s={search_term_string}"},"query-input":{"@type":"PropertyValueSpecification","valueRequired":true,"valueName":"search_term_string"}}],"inLanguage":"es"},{"@type":"Person","@id":"https:\/\/periodicocentroccidente.com\/#\/schema\/person\/f4e4a651098f3db198244657b7130e7e","name":"Ricardo","image":{"@type":"ImageObject","inLanguage":"es","@id":"https:\/\/periodicocentroccidente.com\/#\/schema\/person\/image\/","url":"https:\/\/secure.gravatar.com\/avatar\/402e6137108ec0fdaa7809184382fb1dd2f8b00264c1d945d341f2b8f90db429?s=96&d=mm&r=g","contentUrl":"https:\/\/secure.gravatar.com\/avatar\/402e6137108ec0fdaa7809184382fb1dd2f8b00264c1d945d341f2b8f90db429?s=96&d=mm&r=g","caption":"Ricardo"},"url":"https:\/\/periodicocentroccidente.com\/?author=2"}]}},"jetpack_featured_media_url":"https:\/\/periodicocentroccidente.com\/wp-content\/uploads\/2025\/06\/IMG-20250619-WA0014.jpg","jetpack_sharing_enabled":true,"jetpack-related-posts":[],"_links":{"self":[{"href":"https:\/\/periodicocentroccidente.com\/index.php?rest_route=\/wp\/v2\/posts\/2557","targetHints":{"allow":["GET"]}}],"collection":[{"href":"https:\/\/periodicocentroccidente.com\/index.php?rest_route=\/wp\/v2\/posts"}],"about":[{"href":"https:\/\/periodicocentroccidente.com\/index.php?rest_route=\/wp\/v2\/types\/post"}],"author":[{"embeddable":true,"href":"https:\/\/periodicocentroccidente.com\/index.php?rest_route=\/wp\/v2\/users\/2"}],"replies":[{"embeddable":true,"href":"https:\/\/periodicocentroccidente.com\/index.php?rest_route=%2Fwp%2Fv2%2Fcomments&post=2557"}],"version-history":[{"count":1,"href":"https:\/\/periodicocentroccidente.com\/index.php?rest_route=\/wp\/v2\/posts\/2557\/revisions"}],"predecessor-version":[{"id":2559,"href":"https:\/\/periodicocentroccidente.com\/index.php?rest_route=\/wp\/v2\/posts\/2557\/revisions\/2559"}],"wp:featuredmedia":[{"embeddable":true,"href":"https:\/\/periodicocentroccidente.com\/index.php?rest_route=\/wp\/v2\/media\/2558"}],"wp:attachment":[{"href":"https:\/\/periodicocentroccidente.com\/index.php?rest_route=%2Fwp%2Fv2%2Fmedia&parent=2557"}],"wp:term":[{"taxonomy":"category","embeddable":true,"href":"https:\/\/periodicocentroccidente.com\/index.php?rest_route=%2Fwp%2Fv2%2Fcategories&post=2557"},{"taxonomy":"post_tag","embeddable":true,"href":"https:\/\/periodicocentroccidente.com\/index.php?rest_route=%2Fwp%2Fv2%2Ftags&post=2557"}],"curies":[{"name":"wp","href":"https:\/\/api.w.org\/{rel}","templated":true}]}}