{"id":2266,"date":"2025-05-29T18:34:33","date_gmt":"2025-05-29T18:34:33","guid":{"rendered":"https:\/\/periodicocentroccidente.com\/?p=2266"},"modified":"2025-05-29T18:34:33","modified_gmt":"2025-05-29T18:34:33","slug":"presidente-maduro-lidera-reunion-con-el-alto-mando-politico-militar-y-autoridades-electas-del-pais","status":"publish","type":"post","link":"https:\/\/periodicocentroccidente.com\/?p=2266","title":{"rendered":"Presidente Maduro lidera reuni\u00f3n con el alto mando pol\u00edtico, militar y autoridades electas del pa\u00eds"},"content":{"rendered":"<div><strong>Especial.-<\/strong><\/div>\n<div><\/div>\n<div>El presidente Nicol\u00e1s Maduro, la tarde de este lunes sostiene una <b>reuni\u00f3n de trabajo con el alto mando pol\u00edtico, militar y las autoridades que resultaron electas el pasado domingo de 25 de mayo<\/b>, cuando se celebraron las elecciones regionales y legislativas en el pa\u00eds.<\/div>\n<div><\/div>\n<div>Maduro se\u00f1al\u00f3 que la reuni\u00f3n fue convocada \u00aben caliente\u00bb a cuatro d\u00edas del proceso electoral, donde los opositores\u00a0\u00a0imperialistas y fascistas \u00abquedaron turuletos\u00bb.<\/div>\n<div><\/div>\n<div>Resalt\u00f3 que tras las elecciones, \u00abhemos recibido felicitaciones del mundo, de<b>\u00a0Am\u00e9rica Latina, de Asia, de \u00c1frica, inclusive de Europa<\/b>. (&#8230;) Se trata de un camino de vamos agarrando conjuntamente\u00bb.<\/div>\n<div><\/div>\n<div>Al respecto, felicit\u00f3 al ministro\u00a0<b>Diosdado Cabello<\/b>\u00a0por la lucha que ha emprendido contra el terrorismo y reiter\u00f3 que se tienen \u00ab<b>tres tel\u00e9fonos las cosas que hay son casi imposibles de digerir<\/b>\u00ab, respecto a las detenciones realizadas en los \u00faltimos d\u00edas.<\/div>\n<div><\/div>\n<div>El jefe\u00a0del Comando de Campa\u00f1a Ven25+, Jorge Rodr\u00edguez, fue felicitado por el trabajo realizado y el resultado inigualable que el oficialismo obtuvo el pasado 25 de mayo.<\/div>\n","protected":false},"excerpt":{"rendered":"<p>Especial.- El presidente Nicol&aacute;s Maduro, la tarde de este lunes sostiene una reuni&oacute;n de trabajo con el alto mando pol&iacute;tico, militar y las autoridades que resultaron electas el pasado domingo de 25 de mayo, cuando se celebraron las elecciones regionales y legislativas en el pa&iacute;s. Maduro se&ntilde;al&oacute; que la reuni&oacute;n fue convocada &laquo;en caliente&raquo; a &hellip;<\/p>\n","protected":false},"author":2,"featured_media":2267,"comment_status":"open","ping_status":"open","sticky":false,"template":"","format":"standard","meta":{"_jetpack_memberships_contains_paid_content":false,"footnotes":""},"categories":[127],"tags":[],"class_list":["post-2266","post","type-post","status-publish","format-standard","has-post-thumbnail","hentry","category-noticias-recientes"],"yoast_head":"<!-- This site is optimized with the Yoast SEO plugin v24.8.1 - https:\/\/yoast.com\/wordpress\/plugins\/seo\/ -->\n<title>Presidente Maduro lidera reuni\u00f3n con el alto mando pol\u00edtico, militar y autoridades electas del pa\u00eds -<\/title>\n<meta name=\"robots\" content=\"index, follow, max-snippet:-1, max-image-preview:large, max-video-preview:-1\" \/>\n<link rel=\"canonical\" href=\"https:\/\/periodicocentroccidente.com\/?p=2266\" \/>\n<meta property=\"og:locale\" content=\"es_ES\" \/>\n<meta property=\"og:type\" content=\"article\" \/>\n<meta property=\"og:title\" content=\"Presidente Maduro lidera reuni\u00f3n con el alto mando pol\u00edtico, militar y autoridades electas del pa\u00eds -\" \/>\n<meta property=\"og:description\" content=\"Especial.- El presidente Nicol&aacute;s Maduro, la tarde de este lunes sostiene una reuni&oacute;n de trabajo con el alto mando pol&iacute;tico, militar y las autoridades que resultaron electas el pasado domingo de 25 de mayo, cuando se celebraron las elecciones regionales y legislativas en el pa&iacute;s. Maduro se&ntilde;al&oacute; que la reuni&oacute;n fue convocada &laquo;en caliente&raquo; a &hellip;\" \/>\n<meta property=\"og:url\" content=\"https:\/\/periodicocentroccidente.com\/?p=2266\" \/>\n<meta property=\"article:published_time\" content=\"2025-05-29T18:34:33+00:00\" \/>\n<meta property=\"og:image\" content=\"https:\/\/periodicocentroccidente.com\/wp-content\/uploads\/2025\/05\/presidente-nicolas-maduro-84613.jpg\" \/>\n\t<meta property=\"og:image:width\" content=\"800\" \/>\n\t<meta property=\"og:image:height\" content=\"450\" \/>\n\t<meta property=\"og:image:type\" content=\"image\/jpeg\" \/>\n<meta name=\"author\" content=\"Ricardo\" \/>\n<meta name=\"twitter:card\" content=\"summary_large_image\" \/>\n<meta name=\"twitter:label1\" content=\"Escrito por\" \/>\n\t<meta name=\"twitter:data1\" content=\"Ricardo\" \/>\n\t<meta name=\"twitter:label2\" content=\"Tiempo de lectura\" \/>\n\t<meta name=\"twitter:data2\" content=\"1 minuto\" \/>\n<script type=\"application\/ld+json\" class=\"yoast-schema-graph\">{\"@context\":\"https:\/\/schema.org\",\"@graph\":[{\"@type\":\"WebPage\",\"@id\":\"https:\/\/periodicocentroccidente.com\/?p=2266\",\"url\":\"https:\/\/periodicocentroccidente.com\/?p=2266\",\"name\":\"Presidente Maduro lidera reuni\u00f3n con el alto mando pol\u00edtico, militar y autoridades electas del pa\u00eds -\",\"isPartOf\":{\"@id\":\"https:\/\/periodicocentroccidente.com\/#website\"},\"primaryImageOfPage\":{\"@id\":\"https:\/\/periodicocentroccidente.com\/?p=2266#primaryimage\"},\"image\":{\"@id\":\"https:\/\/periodicocentroccidente.com\/?p=2266#primaryimage\"},\"thumbnailUrl\":\"https:\/\/periodicocentroccidente.com\/wp-content\/uploads\/2025\/05\/presidente-nicolas-maduro-84613.jpg\",\"datePublished\":\"2025-05-29T18:34:33+00:00\",\"author\":{\"@id\":\"https:\/\/periodicocentroccidente.com\/#\/schema\/person\/f4e4a651098f3db198244657b7130e7e\"},\"breadcrumb\":{\"@id\":\"https:\/\/periodicocentroccidente.com\/?p=2266#breadcrumb\"},\"inLanguage\":\"es\",\"potentialAction\":[{\"@type\":\"ReadAction\",\"target\":[\"https:\/\/periodicocentroccidente.com\/?p=2266\"]}]},{\"@type\":\"ImageObject\",\"inLanguage\":\"es\",\"@id\":\"https:\/\/periodicocentroccidente.com\/?p=2266#primaryimage\",\"url\":\"https:\/\/periodicocentroccidente.com\/wp-content\/uploads\/2025\/05\/presidente-nicolas-maduro-84613.jpg\",\"contentUrl\":\"https:\/\/periodicocentroccidente.com\/wp-content\/uploads\/2025\/05\/presidente-nicolas-maduro-84613.jpg\",\"width\":800,\"height\":450},{\"@type\":\"BreadcrumbList\",\"@id\":\"https:\/\/periodicocentroccidente.com\/?p=2266#breadcrumb\",\"itemListElement\":[{\"@type\":\"ListItem\",\"position\":1,\"name\":\"Portada\",\"item\":\"https:\/\/periodicocentroccidente.com\/\"},{\"@type\":\"ListItem\",\"position\":2,\"name\":\"Presidente Maduro lidera reuni\u00f3n con el alto mando pol\u00edtico, militar y autoridades electas del pa\u00eds\"}]},{\"@type\":\"WebSite\",\"@id\":\"https:\/\/periodicocentroccidente.com\/#website\",\"url\":\"https:\/\/periodicocentroccidente.com\/\",\"name\":\"\",\"description\":\"Periodismo serio y responsable\",\"potentialAction\":[{\"@type\":\"SearchAction\",\"target\":{\"@type\":\"EntryPoint\",\"urlTemplate\":\"https:\/\/periodicocentroccidente.com\/?s={search_term_string}\"},\"query-input\":{\"@type\":\"PropertyValueSpecification\",\"valueRequired\":true,\"valueName\":\"search_term_string\"}}],\"inLanguage\":\"es\"},{\"@type\":\"Person\",\"@id\":\"https:\/\/periodicocentroccidente.com\/#\/schema\/person\/f4e4a651098f3db198244657b7130e7e\",\"name\":\"Ricardo\",\"image\":{\"@type\":\"ImageObject\",\"inLanguage\":\"es\",\"@id\":\"https:\/\/periodicocentroccidente.com\/#\/schema\/person\/image\/\",\"url\":\"https:\/\/secure.gravatar.com\/avatar\/402e6137108ec0fdaa7809184382fb1dd2f8b00264c1d945d341f2b8f90db429?s=96&d=mm&r=g\",\"contentUrl\":\"https:\/\/secure.gravatar.com\/avatar\/402e6137108ec0fdaa7809184382fb1dd2f8b00264c1d945d341f2b8f90db429?s=96&d=mm&r=g\",\"caption\":\"Ricardo\"},\"url\":\"https:\/\/periodicocentroccidente.com\/?author=2\"}]}<\/script>\n<!-- \/ Yoast SEO plugin. -->","yoast_head_json":{"title":"Presidente Maduro lidera reuni\u00f3n con el alto mando pol\u00edtico, militar y autoridades electas del pa\u00eds -","robots":{"index":"index","follow":"follow","max-snippet":"max-snippet:-1","max-image-preview":"max-image-preview:large","max-video-preview":"max-video-preview:-1"},"canonical":"https:\/\/periodicocentroccidente.com\/?p=2266","og_locale":"es_ES","og_type":"article","og_title":"Presidente Maduro lidera reuni\u00f3n con el alto mando pol\u00edtico, militar y autoridades electas del pa\u00eds -","og_description":"Especial.- El presidente Nicol&aacute;s Maduro, la tarde de este lunes sostiene una reuni&oacute;n de trabajo con el alto mando pol&iacute;tico, militar y las autoridades que resultaron electas el pasado domingo de 25 de mayo, cuando se celebraron las elecciones regionales y legislativas en el pa&iacute;s. Maduro se&ntilde;al&oacute; que la reuni&oacute;n fue convocada &laquo;en caliente&raquo; a &hellip;","og_url":"https:\/\/periodicocentroccidente.com\/?p=2266","article_published_time":"2025-05-29T18:34:33+00:00","og_image":[{"width":800,"height":450,"url":"https:\/\/periodicocentroccidente.com\/wp-content\/uploads\/2025\/05\/presidente-nicolas-maduro-84613.jpg","type":"image\/jpeg"}],"author":"Ricardo","twitter_card":"summary_large_image","twitter_misc":{"Escrito por":"Ricardo","Tiempo de lectura":"1 minuto"},"schema":{"@context":"https:\/\/schema.org","@graph":[{"@type":"WebPage","@id":"https:\/\/periodicocentroccidente.com\/?p=2266","url":"https:\/\/periodicocentroccidente.com\/?p=2266","name":"Presidente Maduro lidera reuni\u00f3n con el alto mando pol\u00edtico, militar y autoridades electas del pa\u00eds -","isPartOf":{"@id":"https:\/\/periodicocentroccidente.com\/#website"},"primaryImageOfPage":{"@id":"https:\/\/periodicocentroccidente.com\/?p=2266#primaryimage"},"image":{"@id":"https:\/\/periodicocentroccidente.com\/?p=2266#primaryimage"},"thumbnailUrl":"https:\/\/periodicocentroccidente.com\/wp-content\/uploads\/2025\/05\/presidente-nicolas-maduro-84613.jpg","datePublished":"2025-05-29T18:34:33+00:00","author":{"@id":"https:\/\/periodicocentroccidente.com\/#\/schema\/person\/f4e4a651098f3db198244657b7130e7e"},"breadcrumb":{"@id":"https:\/\/periodicocentroccidente.com\/?p=2266#breadcrumb"},"inLanguage":"es","potentialAction":[{"@type":"ReadAction","target":["https:\/\/periodicocentroccidente.com\/?p=2266"]}]},{"@type":"ImageObject","inLanguage":"es","@id":"https:\/\/periodicocentroccidente.com\/?p=2266#primaryimage","url":"https:\/\/periodicocentroccidente.com\/wp-content\/uploads\/2025\/05\/presidente-nicolas-maduro-84613.jpg","contentUrl":"https:\/\/periodicocentroccidente.com\/wp-content\/uploads\/2025\/05\/presidente-nicolas-maduro-84613.jpg","width":800,"height":450},{"@type":"BreadcrumbList","@id":"https:\/\/periodicocentroccidente.com\/?p=2266#breadcrumb","itemListElement":[{"@type":"ListItem","position":1,"name":"Portada","item":"https:\/\/periodicocentroccidente.com\/"},{"@type":"ListItem","position":2,"name":"Presidente Maduro lidera reuni\u00f3n con el alto mando pol\u00edtico, militar y autoridades electas del pa\u00eds"}]},{"@type":"WebSite","@id":"https:\/\/periodicocentroccidente.com\/#website","url":"https:\/\/periodicocentroccidente.com\/","name":"","description":"Periodismo serio y responsable","potentialAction":[{"@type":"SearchAction","target":{"@type":"EntryPoint","urlTemplate":"https:\/\/periodicocentroccidente.com\/?s={search_term_string}"},"query-input":{"@type":"PropertyValueSpecification","valueRequired":true,"valueName":"search_term_string"}}],"inLanguage":"es"},{"@type":"Person","@id":"https:\/\/periodicocentroccidente.com\/#\/schema\/person\/f4e4a651098f3db198244657b7130e7e","name":"Ricardo","image":{"@type":"ImageObject","inLanguage":"es","@id":"https:\/\/periodicocentroccidente.com\/#\/schema\/person\/image\/","url":"https:\/\/secure.gravatar.com\/avatar\/402e6137108ec0fdaa7809184382fb1dd2f8b00264c1d945d341f2b8f90db429?s=96&d=mm&r=g","contentUrl":"https:\/\/secure.gravatar.com\/avatar\/402e6137108ec0fdaa7809184382fb1dd2f8b00264c1d945d341f2b8f90db429?s=96&d=mm&r=g","caption":"Ricardo"},"url":"https:\/\/periodicocentroccidente.com\/?author=2"}]}},"jetpack_featured_media_url":"https:\/\/periodicocentroccidente.com\/wp-content\/uploads\/2025\/05\/presidente-nicolas-maduro-84613.jpg","jetpack_sharing_enabled":true,"jetpack-related-posts":[],"_links":{"self":[{"href":"https:\/\/periodicocentroccidente.com\/index.php?rest_route=\/wp\/v2\/posts\/2266","targetHints":{"allow":["GET"]}}],"collection":[{"href":"https:\/\/periodicocentroccidente.com\/index.php?rest_route=\/wp\/v2\/posts"}],"about":[{"href":"https:\/\/periodicocentroccidente.com\/index.php?rest_route=\/wp\/v2\/types\/post"}],"author":[{"embeddable":true,"href":"https:\/\/periodicocentroccidente.com\/index.php?rest_route=\/wp\/v2\/users\/2"}],"replies":[{"embeddable":true,"href":"https:\/\/periodicocentroccidente.com\/index.php?rest_route=%2Fwp%2Fv2%2Fcomments&post=2266"}],"version-history":[{"count":1,"href":"https:\/\/periodicocentroccidente.com\/index.php?rest_route=\/wp\/v2\/posts\/2266\/revisions"}],"predecessor-version":[{"id":2268,"href":"https:\/\/periodicocentroccidente.com\/index.php?rest_route=\/wp\/v2\/posts\/2266\/revisions\/2268"}],"wp:featuredmedia":[{"embeddable":true,"href":"https:\/\/periodicocentroccidente.com\/index.php?rest_route=\/wp\/v2\/media\/2267"}],"wp:attachment":[{"href":"https:\/\/periodicocentroccidente.com\/index.php?rest_route=%2Fwp%2Fv2%2Fmedia&parent=2266"}],"wp:term":[{"taxonomy":"category","embeddable":true,"href":"https:\/\/periodicocentroccidente.com\/index.php?rest_route=%2Fwp%2Fv2%2Fcategories&post=2266"},{"taxonomy":"post_tag","embeddable":true,"href":"https:\/\/periodicocentroccidente.com\/index.php?rest_route=%2Fwp%2Fv2%2Ftags&post=2266"}],"curies":[{"name":"wp","href":"https:\/\/api.w.org\/{rel}","templated":true}]}}