{"id":2209,"date":"2025-05-26T11:40:14","date_gmt":"2025-05-26T11:40:14","guid":{"rendered":"https:\/\/periodicocentroccidente.com\/?p=2209"},"modified":"2025-05-26T11:40:14","modified_gmt":"2025-05-26T11:40:14","slug":"reelecto-con-el-8617-antonio-primitivo-cedeno","status":"publish","type":"post","link":"https:\/\/periodicocentroccidente.com\/?p=2209","title":{"rendered":"Reelecto con el 86,17% Antonio Primitivo Cede\u00f1o"},"content":{"rendered":"<div dir=\"auto\"><strong>(Cruz Mario Silva).- <\/strong><\/div>\n<div dir=\"auto\"><\/div>\n<div dir=\"auto\">\u00ab&#8230;estado Portuguesa por una transmisi\u00f3n del 86,17% y una participaci\u00f3n del 48,78%, Partido Socialista Unido de Venezuela: Antonio Primitivo Cede\u00f1o, con un total de 206,313 votos correspondientes al 93,61% del total de los votos&#8230;\u00bb.<\/div>\n<div dir=\"auto\">Estas fueron las palabras del vicepresidente del Consejo Nacional Electoral, CNE, Carlos Quintero, quien anunci\u00f3 el triunfo de Primitivo Cede\u00f1o, as\u00ed como del resto de los aspirantes a las gobernaciones de Venezuela.<\/div>\n<div dir=\"auto\">Antes de las palabras de Quintero, el presidente del CNE, Elvis Amoroso, felicit\u00f3 al pueblo venezolano por su participaci\u00f3n c\u00edvica en la jornada electoral, que inici\u00f3 con la instalaci\u00f3n de las mesas desde muy temprano en la ma\u00f1ana.<\/div>\n<div dir=\"auto\">Las autoridades del ente comicial ofrecieron los resultados cerca de la 11: 46 de la noche de ayer domingo 25 de mayo, en aras de que las Juntas Electorales Regionales pudieran ofrecer los c\u00f3mputos preliminares; al tiempo que agradecieron el acompa\u00f1amiento de los veedores internacionales.<\/div>\n<div dir=\"auto\">En otro orden de ideas, el presidente Nicol\u00e1s Maduro felicit\u00f3 al gobernador reelecto Primitivo Cede\u00f1o por su triunfo arrollador, as\u00ed como a todos los ganadores de los cargos de elecci\u00f3n popular que iban en la coalici\u00f3n del Gran Polo Patri\u00f3tico durante su intervenci\u00f3n al pueblo, luego que el \u00e1rbitro electoral diera los\u00a0 resultados.<\/div>\n<div dir=\"auto\"><\/div>\n<div dir=\"auto\"><img loading=\"lazy\" decoding=\"async\" class=\"alignnone size-medium wp-image-2212\" src=\"https:\/\/periodicocentroccidente.com\/wp-content\/uploads\/2025\/05\/Screenshot_20250526-071707-1-300x270.jpg\" alt=\"\" width=\"300\" height=\"270\" srcset=\"https:\/\/periodicocentroccidente.com\/wp-content\/uploads\/2025\/05\/Screenshot_20250526-071707-1-300x270.jpg 300w, https:\/\/periodicocentroccidente.com\/wp-content\/uploads\/2025\/05\/Screenshot_20250526-071707-1-1024x922.jpg 1024w, https:\/\/periodicocentroccidente.com\/wp-content\/uploads\/2025\/05\/Screenshot_20250526-071707-1-768x691.jpg 768w, https:\/\/periodicocentroccidente.com\/wp-content\/uploads\/2025\/05\/Screenshot_20250526-071707-1.jpg 1080w\" sizes=\"auto, (max-width: 300px) 100vw, 300px\" \/><\/div>\n","protected":false},"excerpt":{"rendered":"<p>(Cruz Mario Silva).- &laquo;&hellip;estado Portuguesa por una transmisi&oacute;n del 86,17% y una participaci&oacute;n del 48,78%, Partido Socialista Unido de Venezuela: Antonio Primitivo Cede&ntilde;o, con un total de 206,313 votos correspondientes al 93,61% del total de los votos&hellip;&raquo;. Estas fueron las palabras del vicepresidente del Consejo Nacional Electoral, CNE, Carlos Quintero, quien anunci&oacute; el triunfo de &hellip;<\/p>\n","protected":false},"author":2,"featured_media":2210,"comment_status":"open","ping_status":"open","sticky":false,"template":"","format":"standard","meta":{"_jetpack_memberships_contains_paid_content":false,"footnotes":""},"categories":[127],"tags":[],"class_list":["post-2209","post","type-post","status-publish","format-standard","has-post-thumbnail","hentry","category-noticias-recientes"],"yoast_head":"<!-- This site is optimized with the Yoast SEO plugin v24.8.1 - https:\/\/yoast.com\/wordpress\/plugins\/seo\/ -->\n<title>Reelecto con el 86,17% Antonio Primitivo Cede\u00f1o -<\/title>\n<meta name=\"robots\" content=\"index, follow, max-snippet:-1, max-image-preview:large, max-video-preview:-1\" \/>\n<link rel=\"canonical\" href=\"https:\/\/periodicocentroccidente.com\/?p=2209\" \/>\n<meta property=\"og:locale\" content=\"es_ES\" \/>\n<meta property=\"og:type\" content=\"article\" \/>\n<meta property=\"og:title\" content=\"Reelecto con el 86,17% Antonio Primitivo Cede\u00f1o -\" \/>\n<meta property=\"og:description\" content=\"(Cruz Mario Silva).- &laquo;&hellip;estado Portuguesa por una transmisi&oacute;n del 86,17% y una participaci&oacute;n del 48,78%, Partido Socialista Unido de Venezuela: Antonio Primitivo Cede&ntilde;o, con un total de 206,313 votos correspondientes al 93,61% del total de los votos&hellip;&raquo;. Estas fueron las palabras del vicepresidente del Consejo Nacional Electoral, CNE, Carlos Quintero, quien anunci&oacute; el triunfo de &hellip;\" \/>\n<meta property=\"og:url\" content=\"https:\/\/periodicocentroccidente.com\/?p=2209\" \/>\n<meta property=\"article:published_time\" content=\"2025-05-26T11:40:14+00:00\" \/>\n<meta property=\"og:image\" content=\"https:\/\/periodicocentroccidente.com\/wp-content\/uploads\/2025\/05\/IMG-20250526-WA0027.jpg\" \/>\n\t<meta property=\"og:image:width\" content=\"718\" \/>\n\t<meta property=\"og:image:height\" content=\"575\" \/>\n\t<meta property=\"og:image:type\" content=\"image\/jpeg\" \/>\n<meta name=\"author\" content=\"Ricardo\" \/>\n<meta name=\"twitter:card\" content=\"summary_large_image\" \/>\n<meta name=\"twitter:label1\" content=\"Escrito por\" \/>\n\t<meta name=\"twitter:data1\" content=\"Ricardo\" \/>\n\t<meta name=\"twitter:label2\" content=\"Tiempo de lectura\" \/>\n\t<meta name=\"twitter:data2\" content=\"2 minutos\" \/>\n<script type=\"application\/ld+json\" class=\"yoast-schema-graph\">{\"@context\":\"https:\/\/schema.org\",\"@graph\":[{\"@type\":\"WebPage\",\"@id\":\"https:\/\/periodicocentroccidente.com\/?p=2209\",\"url\":\"https:\/\/periodicocentroccidente.com\/?p=2209\",\"name\":\"Reelecto con el 86,17% Antonio Primitivo Cede\u00f1o -\",\"isPartOf\":{\"@id\":\"https:\/\/periodicocentroccidente.com\/#website\"},\"primaryImageOfPage\":{\"@id\":\"https:\/\/periodicocentroccidente.com\/?p=2209#primaryimage\"},\"image\":{\"@id\":\"https:\/\/periodicocentroccidente.com\/?p=2209#primaryimage\"},\"thumbnailUrl\":\"https:\/\/periodicocentroccidente.com\/wp-content\/uploads\/2025\/05\/IMG-20250526-WA0027.jpg\",\"datePublished\":\"2025-05-26T11:40:14+00:00\",\"author\":{\"@id\":\"https:\/\/periodicocentroccidente.com\/#\/schema\/person\/f4e4a651098f3db198244657b7130e7e\"},\"breadcrumb\":{\"@id\":\"https:\/\/periodicocentroccidente.com\/?p=2209#breadcrumb\"},\"inLanguage\":\"es\",\"potentialAction\":[{\"@type\":\"ReadAction\",\"target\":[\"https:\/\/periodicocentroccidente.com\/?p=2209\"]}]},{\"@type\":\"ImageObject\",\"inLanguage\":\"es\",\"@id\":\"https:\/\/periodicocentroccidente.com\/?p=2209#primaryimage\",\"url\":\"https:\/\/periodicocentroccidente.com\/wp-content\/uploads\/2025\/05\/IMG-20250526-WA0027.jpg\",\"contentUrl\":\"https:\/\/periodicocentroccidente.com\/wp-content\/uploads\/2025\/05\/IMG-20250526-WA0027.jpg\",\"width\":718,\"height\":575},{\"@type\":\"BreadcrumbList\",\"@id\":\"https:\/\/periodicocentroccidente.com\/?p=2209#breadcrumb\",\"itemListElement\":[{\"@type\":\"ListItem\",\"position\":1,\"name\":\"Portada\",\"item\":\"https:\/\/periodicocentroccidente.com\/\"},{\"@type\":\"ListItem\",\"position\":2,\"name\":\"Reelecto con el 86,17% Antonio Primitivo Cede\u00f1o\"}]},{\"@type\":\"WebSite\",\"@id\":\"https:\/\/periodicocentroccidente.com\/#website\",\"url\":\"https:\/\/periodicocentroccidente.com\/\",\"name\":\"\",\"description\":\"Periodismo serio y responsable\",\"potentialAction\":[{\"@type\":\"SearchAction\",\"target\":{\"@type\":\"EntryPoint\",\"urlTemplate\":\"https:\/\/periodicocentroccidente.com\/?s={search_term_string}\"},\"query-input\":{\"@type\":\"PropertyValueSpecification\",\"valueRequired\":true,\"valueName\":\"search_term_string\"}}],\"inLanguage\":\"es\"},{\"@type\":\"Person\",\"@id\":\"https:\/\/periodicocentroccidente.com\/#\/schema\/person\/f4e4a651098f3db198244657b7130e7e\",\"name\":\"Ricardo\",\"image\":{\"@type\":\"ImageObject\",\"inLanguage\":\"es\",\"@id\":\"https:\/\/periodicocentroccidente.com\/#\/schema\/person\/image\/\",\"url\":\"https:\/\/secure.gravatar.com\/avatar\/402e6137108ec0fdaa7809184382fb1dd2f8b00264c1d945d341f2b8f90db429?s=96&d=mm&r=g\",\"contentUrl\":\"https:\/\/secure.gravatar.com\/avatar\/402e6137108ec0fdaa7809184382fb1dd2f8b00264c1d945d341f2b8f90db429?s=96&d=mm&r=g\",\"caption\":\"Ricardo\"},\"url\":\"https:\/\/periodicocentroccidente.com\/?author=2\"}]}<\/script>\n<!-- \/ Yoast SEO plugin. -->","yoast_head_json":{"title":"Reelecto con el 86,17% Antonio Primitivo Cede\u00f1o -","robots":{"index":"index","follow":"follow","max-snippet":"max-snippet:-1","max-image-preview":"max-image-preview:large","max-video-preview":"max-video-preview:-1"},"canonical":"https:\/\/periodicocentroccidente.com\/?p=2209","og_locale":"es_ES","og_type":"article","og_title":"Reelecto con el 86,17% Antonio Primitivo Cede\u00f1o -","og_description":"(Cruz Mario Silva).- &laquo;&hellip;estado Portuguesa por una transmisi&oacute;n del 86,17% y una participaci&oacute;n del 48,78%, Partido Socialista Unido de Venezuela: Antonio Primitivo Cede&ntilde;o, con un total de 206,313 votos correspondientes al 93,61% del total de los votos&hellip;&raquo;. Estas fueron las palabras del vicepresidente del Consejo Nacional Electoral, CNE, Carlos Quintero, quien anunci&oacute; el triunfo de &hellip;","og_url":"https:\/\/periodicocentroccidente.com\/?p=2209","article_published_time":"2025-05-26T11:40:14+00:00","og_image":[{"width":718,"height":575,"url":"https:\/\/periodicocentroccidente.com\/wp-content\/uploads\/2025\/05\/IMG-20250526-WA0027.jpg","type":"image\/jpeg"}],"author":"Ricardo","twitter_card":"summary_large_image","twitter_misc":{"Escrito por":"Ricardo","Tiempo de lectura":"2 minutos"},"schema":{"@context":"https:\/\/schema.org","@graph":[{"@type":"WebPage","@id":"https:\/\/periodicocentroccidente.com\/?p=2209","url":"https:\/\/periodicocentroccidente.com\/?p=2209","name":"Reelecto con el 86,17% Antonio Primitivo Cede\u00f1o -","isPartOf":{"@id":"https:\/\/periodicocentroccidente.com\/#website"},"primaryImageOfPage":{"@id":"https:\/\/periodicocentroccidente.com\/?p=2209#primaryimage"},"image":{"@id":"https:\/\/periodicocentroccidente.com\/?p=2209#primaryimage"},"thumbnailUrl":"https:\/\/periodicocentroccidente.com\/wp-content\/uploads\/2025\/05\/IMG-20250526-WA0027.jpg","datePublished":"2025-05-26T11:40:14+00:00","author":{"@id":"https:\/\/periodicocentroccidente.com\/#\/schema\/person\/f4e4a651098f3db198244657b7130e7e"},"breadcrumb":{"@id":"https:\/\/periodicocentroccidente.com\/?p=2209#breadcrumb"},"inLanguage":"es","potentialAction":[{"@type":"ReadAction","target":["https:\/\/periodicocentroccidente.com\/?p=2209"]}]},{"@type":"ImageObject","inLanguage":"es","@id":"https:\/\/periodicocentroccidente.com\/?p=2209#primaryimage","url":"https:\/\/periodicocentroccidente.com\/wp-content\/uploads\/2025\/05\/IMG-20250526-WA0027.jpg","contentUrl":"https:\/\/periodicocentroccidente.com\/wp-content\/uploads\/2025\/05\/IMG-20250526-WA0027.jpg","width":718,"height":575},{"@type":"BreadcrumbList","@id":"https:\/\/periodicocentroccidente.com\/?p=2209#breadcrumb","itemListElement":[{"@type":"ListItem","position":1,"name":"Portada","item":"https:\/\/periodicocentroccidente.com\/"},{"@type":"ListItem","position":2,"name":"Reelecto con el 86,17% Antonio Primitivo Cede\u00f1o"}]},{"@type":"WebSite","@id":"https:\/\/periodicocentroccidente.com\/#website","url":"https:\/\/periodicocentroccidente.com\/","name":"","description":"Periodismo serio y responsable","potentialAction":[{"@type":"SearchAction","target":{"@type":"EntryPoint","urlTemplate":"https:\/\/periodicocentroccidente.com\/?s={search_term_string}"},"query-input":{"@type":"PropertyValueSpecification","valueRequired":true,"valueName":"search_term_string"}}],"inLanguage":"es"},{"@type":"Person","@id":"https:\/\/periodicocentroccidente.com\/#\/schema\/person\/f4e4a651098f3db198244657b7130e7e","name":"Ricardo","image":{"@type":"ImageObject","inLanguage":"es","@id":"https:\/\/periodicocentroccidente.com\/#\/schema\/person\/image\/","url":"https:\/\/secure.gravatar.com\/avatar\/402e6137108ec0fdaa7809184382fb1dd2f8b00264c1d945d341f2b8f90db429?s=96&d=mm&r=g","contentUrl":"https:\/\/secure.gravatar.com\/avatar\/402e6137108ec0fdaa7809184382fb1dd2f8b00264c1d945d341f2b8f90db429?s=96&d=mm&r=g","caption":"Ricardo"},"url":"https:\/\/periodicocentroccidente.com\/?author=2"}]}},"jetpack_featured_media_url":"https:\/\/periodicocentroccidente.com\/wp-content\/uploads\/2025\/05\/IMG-20250526-WA0027.jpg","jetpack_sharing_enabled":true,"jetpack-related-posts":[],"_links":{"self":[{"href":"https:\/\/periodicocentroccidente.com\/index.php?rest_route=\/wp\/v2\/posts\/2209","targetHints":{"allow":["GET"]}}],"collection":[{"href":"https:\/\/periodicocentroccidente.com\/index.php?rest_route=\/wp\/v2\/posts"}],"about":[{"href":"https:\/\/periodicocentroccidente.com\/index.php?rest_route=\/wp\/v2\/types\/post"}],"author":[{"embeddable":true,"href":"https:\/\/periodicocentroccidente.com\/index.php?rest_route=\/wp\/v2\/users\/2"}],"replies":[{"embeddable":true,"href":"https:\/\/periodicocentroccidente.com\/index.php?rest_route=%2Fwp%2Fv2%2Fcomments&post=2209"}],"version-history":[{"count":1,"href":"https:\/\/periodicocentroccidente.com\/index.php?rest_route=\/wp\/v2\/posts\/2209\/revisions"}],"predecessor-version":[{"id":2213,"href":"https:\/\/periodicocentroccidente.com\/index.php?rest_route=\/wp\/v2\/posts\/2209\/revisions\/2213"}],"wp:featuredmedia":[{"embeddable":true,"href":"https:\/\/periodicocentroccidente.com\/index.php?rest_route=\/wp\/v2\/media\/2210"}],"wp:attachment":[{"href":"https:\/\/periodicocentroccidente.com\/index.php?rest_route=%2Fwp%2Fv2%2Fmedia&parent=2209"}],"wp:term":[{"taxonomy":"category","embeddable":true,"href":"https:\/\/periodicocentroccidente.com\/index.php?rest_route=%2Fwp%2Fv2%2Fcategories&post=2209"},{"taxonomy":"post_tag","embeddable":true,"href":"https:\/\/periodicocentroccidente.com\/index.php?rest_route=%2Fwp%2Fv2%2Ftags&post=2209"}],"curies":[{"name":"wp","href":"https:\/\/api.w.org\/{rel}","templated":true}]}}