{"id":2197,"date":"2025-05-25T15:05:14","date_gmt":"2025-05-25T15:05:14","guid":{"rendered":"https:\/\/periodicocentroccidente.com\/?p=2197"},"modified":"2025-05-25T15:05:14","modified_gmt":"2025-05-25T15:05:14","slug":"conectate-a-la-fuente-es-el-programa-que-viene-marcando-la-diferencia-en-la-radio-venezolana","status":"publish","type":"post","link":"https:\/\/periodicocentroccidente.com\/?p=2197","title":{"rendered":"\u00abCon\u00e9ctate a la Fuente\u00bb, es el programa que viene marcando la diferencia en la radio venezolana"},"content":{"rendered":"<p><strong>Rafael Colmenares.-<\/strong><\/p>\n<div dir=\"auto\">En el mes de marzo, Dios sembr\u00f3 en el coraz\u00f3n de la Pastora Indhira Castillo de P\u00e9rez, Madre Espiritual de Casa de Oraci\u00f3n para las Naciones \u00abFuente de Bendici\u00f3n\u00bb, adem\u00e1s\u00a0 de los responsables del ministerio de medios de comunicaci\u00f3n y redes sociales, la creaci\u00f3n de un programa de radio para exaltar el nombre que es sobretodo nombre, el nombre de Jes\u00fas.<\/div>\n<div dir=\"auto\"><\/div>\n<div dir=\"auto\">Es desde ese momento, cuando gracias a Dios primeramente por abrir las puertas de la emisora Universal 101.3 FM, a la que Bendecimos cada d\u00eda, adem\u00e1s de su director amigo de \u00e9sta Casa Gustavo Colina, por el espacio que nos permite tener para llevar las buenas noticias de salvaci\u00f3n al pueblo de Dios.<\/div>\n<div dir=\"auto\"><\/div>\n<div dir=\"auto\">\u00c9ste espacio de una hora, que se produce desde nuestra Sede Principal denominada COFB, todos los d\u00edas s\u00e1bados a las 2 de la tarde, es conducido por la licenciada en imagen publicitaria Rosdaly Verde, conocida como la voz dulce de la radio, y el licenciado en comunicaci\u00f3n social Rafael Colmenares, apoyados por un extenso grupo de hermanos.<\/div>\n<div dir=\"auto\"><\/div>\n<div dir=\"auto\">Nosotros les invitamos a que se conecten junto a nosotros a la Fuente que es la palabra de Dios, la cual podemos llevar a trav\u00e9s de esta prestigiosa emisora que est\u00e1 en la v\u00eda, y ahora est\u00e1 conectada desde el cielo con la palabra de Dios.<\/div>\n<div dir=\"auto\"><\/div>\n<div dir=\"auto\">Los esperamos \u00e9ste s\u00e1bado 24 de mayo, d\u00f3nde estaremos nuevamente en t\u00fa programa \u00abCon\u00e9ctate a la Fuente\u00bb, a las 2 de la tarde por Universal 101.3 FM, la emisora que est\u00e1 en la v\u00eda, conectada con el cielo.<\/div>\n","protected":false},"excerpt":{"rendered":"<p>Rafael Colmenares.- En el mes de marzo, Dios sembr&oacute; en el coraz&oacute;n de la Pastora Indhira Castillo de P&eacute;rez, Madre Espiritual de Casa de Oraci&oacute;n para las Naciones &laquo;Fuente de Bendici&oacute;n&raquo;, adem&aacute;s&nbsp; de los responsables del ministerio de medios de comunicaci&oacute;n y redes sociales, la creaci&oacute;n de un programa de radio para exaltar el nombre &hellip;<\/p>\n","protected":false},"author":2,"featured_media":2198,"comment_status":"open","ping_status":"open","sticky":false,"template":"","format":"standard","meta":{"_jetpack_memberships_contains_paid_content":false,"footnotes":""},"categories":[127],"tags":[],"class_list":["post-2197","post","type-post","status-publish","format-standard","has-post-thumbnail","hentry","category-noticias-recientes"],"yoast_head":"<!-- This site is optimized with the Yoast SEO plugin v24.8.1 - https:\/\/yoast.com\/wordpress\/plugins\/seo\/ -->\n<title>&quot;Con\u00e9ctate a la Fuente&quot;, es el programa que viene marcando la diferencia en la radio venezolana -<\/title>\n<meta name=\"robots\" content=\"index, follow, max-snippet:-1, max-image-preview:large, max-video-preview:-1\" \/>\n<link rel=\"canonical\" href=\"https:\/\/periodicocentroccidente.com\/?p=2197\" \/>\n<meta property=\"og:locale\" content=\"es_ES\" \/>\n<meta property=\"og:type\" content=\"article\" \/>\n<meta property=\"og:title\" content=\"&quot;Con\u00e9ctate a la Fuente&quot;, es el programa que viene marcando la diferencia en la radio venezolana -\" \/>\n<meta property=\"og:description\" content=\"Rafael Colmenares.- En el mes de marzo, Dios sembr&oacute; en el coraz&oacute;n de la Pastora Indhira Castillo de P&eacute;rez, Madre Espiritual de Casa de Oraci&oacute;n para las Naciones &laquo;Fuente de Bendici&oacute;n&raquo;, adem&aacute;s&nbsp; de los responsables del ministerio de medios de comunicaci&oacute;n y redes sociales, la creaci&oacute;n de un programa de radio para exaltar el nombre &hellip;\" \/>\n<meta property=\"og:url\" content=\"https:\/\/periodicocentroccidente.com\/?p=2197\" \/>\n<meta property=\"article:published_time\" content=\"2025-05-25T15:05:14+00:00\" \/>\n<meta property=\"og:image\" content=\"https:\/\/periodicocentroccidente.com\/wp-content\/uploads\/2025\/05\/IMG-20250524-WA0013.jpg\" \/>\n\t<meta property=\"og:image:width\" content=\"1080\" \/>\n\t<meta property=\"og:image:height\" content=\"809\" \/>\n\t<meta property=\"og:image:type\" content=\"image\/jpeg\" \/>\n<meta name=\"author\" content=\"Ricardo\" \/>\n<meta name=\"twitter:card\" content=\"summary_large_image\" \/>\n<meta name=\"twitter:label1\" content=\"Escrito por\" \/>\n\t<meta name=\"twitter:data1\" content=\"Ricardo\" \/>\n\t<meta name=\"twitter:label2\" content=\"Tiempo de lectura\" \/>\n\t<meta name=\"twitter:data2\" content=\"2 minutos\" \/>\n<script type=\"application\/ld+json\" class=\"yoast-schema-graph\">{\"@context\":\"https:\/\/schema.org\",\"@graph\":[{\"@type\":\"WebPage\",\"@id\":\"https:\/\/periodicocentroccidente.com\/?p=2197\",\"url\":\"https:\/\/periodicocentroccidente.com\/?p=2197\",\"name\":\"\\\"Con\u00e9ctate a la Fuente\\\", es el programa que viene marcando la diferencia en la radio venezolana -\",\"isPartOf\":{\"@id\":\"https:\/\/periodicocentroccidente.com\/#website\"},\"primaryImageOfPage\":{\"@id\":\"https:\/\/periodicocentroccidente.com\/?p=2197#primaryimage\"},\"image\":{\"@id\":\"https:\/\/periodicocentroccidente.com\/?p=2197#primaryimage\"},\"thumbnailUrl\":\"https:\/\/periodicocentroccidente.com\/wp-content\/uploads\/2025\/05\/IMG-20250524-WA0013.jpg\",\"datePublished\":\"2025-05-25T15:05:14+00:00\",\"author\":{\"@id\":\"https:\/\/periodicocentroccidente.com\/#\/schema\/person\/f4e4a651098f3db198244657b7130e7e\"},\"breadcrumb\":{\"@id\":\"https:\/\/periodicocentroccidente.com\/?p=2197#breadcrumb\"},\"inLanguage\":\"es\",\"potentialAction\":[{\"@type\":\"ReadAction\",\"target\":[\"https:\/\/periodicocentroccidente.com\/?p=2197\"]}]},{\"@type\":\"ImageObject\",\"inLanguage\":\"es\",\"@id\":\"https:\/\/periodicocentroccidente.com\/?p=2197#primaryimage\",\"url\":\"https:\/\/periodicocentroccidente.com\/wp-content\/uploads\/2025\/05\/IMG-20250524-WA0013.jpg\",\"contentUrl\":\"https:\/\/periodicocentroccidente.com\/wp-content\/uploads\/2025\/05\/IMG-20250524-WA0013.jpg\",\"width\":1080,\"height\":809},{\"@type\":\"BreadcrumbList\",\"@id\":\"https:\/\/periodicocentroccidente.com\/?p=2197#breadcrumb\",\"itemListElement\":[{\"@type\":\"ListItem\",\"position\":1,\"name\":\"Portada\",\"item\":\"https:\/\/periodicocentroccidente.com\/\"},{\"@type\":\"ListItem\",\"position\":2,\"name\":\"\u00abCon\u00e9ctate a la Fuente\u00bb, es el programa que viene marcando la diferencia en la radio venezolana\"}]},{\"@type\":\"WebSite\",\"@id\":\"https:\/\/periodicocentroccidente.com\/#website\",\"url\":\"https:\/\/periodicocentroccidente.com\/\",\"name\":\"\",\"description\":\"Periodismo serio y responsable\",\"potentialAction\":[{\"@type\":\"SearchAction\",\"target\":{\"@type\":\"EntryPoint\",\"urlTemplate\":\"https:\/\/periodicocentroccidente.com\/?s={search_term_string}\"},\"query-input\":{\"@type\":\"PropertyValueSpecification\",\"valueRequired\":true,\"valueName\":\"search_term_string\"}}],\"inLanguage\":\"es\"},{\"@type\":\"Person\",\"@id\":\"https:\/\/periodicocentroccidente.com\/#\/schema\/person\/f4e4a651098f3db198244657b7130e7e\",\"name\":\"Ricardo\",\"image\":{\"@type\":\"ImageObject\",\"inLanguage\":\"es\",\"@id\":\"https:\/\/periodicocentroccidente.com\/#\/schema\/person\/image\/\",\"url\":\"https:\/\/secure.gravatar.com\/avatar\/402e6137108ec0fdaa7809184382fb1dd2f8b00264c1d945d341f2b8f90db429?s=96&d=mm&r=g\",\"contentUrl\":\"https:\/\/secure.gravatar.com\/avatar\/402e6137108ec0fdaa7809184382fb1dd2f8b00264c1d945d341f2b8f90db429?s=96&d=mm&r=g\",\"caption\":\"Ricardo\"},\"url\":\"https:\/\/periodicocentroccidente.com\/?author=2\"}]}<\/script>\n<!-- \/ Yoast SEO plugin. -->","yoast_head_json":{"title":"\"Con\u00e9ctate a la Fuente\", es el programa que viene marcando la diferencia en la radio venezolana -","robots":{"index":"index","follow":"follow","max-snippet":"max-snippet:-1","max-image-preview":"max-image-preview:large","max-video-preview":"max-video-preview:-1"},"canonical":"https:\/\/periodicocentroccidente.com\/?p=2197","og_locale":"es_ES","og_type":"article","og_title":"\"Con\u00e9ctate a la Fuente\", es el programa que viene marcando la diferencia en la radio venezolana -","og_description":"Rafael Colmenares.- En el mes de marzo, Dios sembr&oacute; en el coraz&oacute;n de la Pastora Indhira Castillo de P&eacute;rez, Madre Espiritual de Casa de Oraci&oacute;n para las Naciones &laquo;Fuente de Bendici&oacute;n&raquo;, adem&aacute;s&nbsp; de los responsables del ministerio de medios de comunicaci&oacute;n y redes sociales, la creaci&oacute;n de un programa de radio para exaltar el nombre &hellip;","og_url":"https:\/\/periodicocentroccidente.com\/?p=2197","article_published_time":"2025-05-25T15:05:14+00:00","og_image":[{"width":1080,"height":809,"url":"https:\/\/periodicocentroccidente.com\/wp-content\/uploads\/2025\/05\/IMG-20250524-WA0013.jpg","type":"image\/jpeg"}],"author":"Ricardo","twitter_card":"summary_large_image","twitter_misc":{"Escrito por":"Ricardo","Tiempo de lectura":"2 minutos"},"schema":{"@context":"https:\/\/schema.org","@graph":[{"@type":"WebPage","@id":"https:\/\/periodicocentroccidente.com\/?p=2197","url":"https:\/\/periodicocentroccidente.com\/?p=2197","name":"\"Con\u00e9ctate a la Fuente\", es el programa que viene marcando la diferencia en la radio venezolana -","isPartOf":{"@id":"https:\/\/periodicocentroccidente.com\/#website"},"primaryImageOfPage":{"@id":"https:\/\/periodicocentroccidente.com\/?p=2197#primaryimage"},"image":{"@id":"https:\/\/periodicocentroccidente.com\/?p=2197#primaryimage"},"thumbnailUrl":"https:\/\/periodicocentroccidente.com\/wp-content\/uploads\/2025\/05\/IMG-20250524-WA0013.jpg","datePublished":"2025-05-25T15:05:14+00:00","author":{"@id":"https:\/\/periodicocentroccidente.com\/#\/schema\/person\/f4e4a651098f3db198244657b7130e7e"},"breadcrumb":{"@id":"https:\/\/periodicocentroccidente.com\/?p=2197#breadcrumb"},"inLanguage":"es","potentialAction":[{"@type":"ReadAction","target":["https:\/\/periodicocentroccidente.com\/?p=2197"]}]},{"@type":"ImageObject","inLanguage":"es","@id":"https:\/\/periodicocentroccidente.com\/?p=2197#primaryimage","url":"https:\/\/periodicocentroccidente.com\/wp-content\/uploads\/2025\/05\/IMG-20250524-WA0013.jpg","contentUrl":"https:\/\/periodicocentroccidente.com\/wp-content\/uploads\/2025\/05\/IMG-20250524-WA0013.jpg","width":1080,"height":809},{"@type":"BreadcrumbList","@id":"https:\/\/periodicocentroccidente.com\/?p=2197#breadcrumb","itemListElement":[{"@type":"ListItem","position":1,"name":"Portada","item":"https:\/\/periodicocentroccidente.com\/"},{"@type":"ListItem","position":2,"name":"\u00abCon\u00e9ctate a la Fuente\u00bb, es el programa que viene marcando la diferencia en la radio venezolana"}]},{"@type":"WebSite","@id":"https:\/\/periodicocentroccidente.com\/#website","url":"https:\/\/periodicocentroccidente.com\/","name":"","description":"Periodismo serio y responsable","potentialAction":[{"@type":"SearchAction","target":{"@type":"EntryPoint","urlTemplate":"https:\/\/periodicocentroccidente.com\/?s={search_term_string}"},"query-input":{"@type":"PropertyValueSpecification","valueRequired":true,"valueName":"search_term_string"}}],"inLanguage":"es"},{"@type":"Person","@id":"https:\/\/periodicocentroccidente.com\/#\/schema\/person\/f4e4a651098f3db198244657b7130e7e","name":"Ricardo","image":{"@type":"ImageObject","inLanguage":"es","@id":"https:\/\/periodicocentroccidente.com\/#\/schema\/person\/image\/","url":"https:\/\/secure.gravatar.com\/avatar\/402e6137108ec0fdaa7809184382fb1dd2f8b00264c1d945d341f2b8f90db429?s=96&d=mm&r=g","contentUrl":"https:\/\/secure.gravatar.com\/avatar\/402e6137108ec0fdaa7809184382fb1dd2f8b00264c1d945d341f2b8f90db429?s=96&d=mm&r=g","caption":"Ricardo"},"url":"https:\/\/periodicocentroccidente.com\/?author=2"}]}},"jetpack_featured_media_url":"https:\/\/periodicocentroccidente.com\/wp-content\/uploads\/2025\/05\/IMG-20250524-WA0013.jpg","jetpack_sharing_enabled":true,"jetpack-related-posts":[],"_links":{"self":[{"href":"https:\/\/periodicocentroccidente.com\/index.php?rest_route=\/wp\/v2\/posts\/2197","targetHints":{"allow":["GET"]}}],"collection":[{"href":"https:\/\/periodicocentroccidente.com\/index.php?rest_route=\/wp\/v2\/posts"}],"about":[{"href":"https:\/\/periodicocentroccidente.com\/index.php?rest_route=\/wp\/v2\/types\/post"}],"author":[{"embeddable":true,"href":"https:\/\/periodicocentroccidente.com\/index.php?rest_route=\/wp\/v2\/users\/2"}],"replies":[{"embeddable":true,"href":"https:\/\/periodicocentroccidente.com\/index.php?rest_route=%2Fwp%2Fv2%2Fcomments&post=2197"}],"version-history":[{"count":1,"href":"https:\/\/periodicocentroccidente.com\/index.php?rest_route=\/wp\/v2\/posts\/2197\/revisions"}],"predecessor-version":[{"id":2199,"href":"https:\/\/periodicocentroccidente.com\/index.php?rest_route=\/wp\/v2\/posts\/2197\/revisions\/2199"}],"wp:featuredmedia":[{"embeddable":true,"href":"https:\/\/periodicocentroccidente.com\/index.php?rest_route=\/wp\/v2\/media\/2198"}],"wp:attachment":[{"href":"https:\/\/periodicocentroccidente.com\/index.php?rest_route=%2Fwp%2Fv2%2Fmedia&parent=2197"}],"wp:term":[{"taxonomy":"category","embeddable":true,"href":"https:\/\/periodicocentroccidente.com\/index.php?rest_route=%2Fwp%2Fv2%2Fcategories&post=2197"},{"taxonomy":"post_tag","embeddable":true,"href":"https:\/\/periodicocentroccidente.com\/index.php?rest_route=%2Fwp%2Fv2%2Ftags&post=2197"}],"curies":[{"name":"wp","href":"https:\/\/api.w.org\/{rel}","templated":true}]}}