{"id":2176,"date":"2025-05-24T15:26:35","date_gmt":"2025-05-24T15:26:35","guid":{"rendered":"https:\/\/periodicocentroccidente.com\/?p=2176"},"modified":"2025-05-24T15:28:41","modified_gmt":"2025-05-24T15:28:41","slug":"marcelo-jimenez-el-general-de-la-zaga-del-barquisimeto-sport-club","status":"publish","type":"post","link":"https:\/\/periodicocentroccidente.com\/?p=2176","title":{"rendered":"Marcelo Jim\u00e9nez el general de la zaga del Barquisimeto Sport Club"},"content":{"rendered":"<p><strong>(Acarigua)<\/strong><\/p>\n<p>El zaguero portuguese\u00f1o Marcelo Jim\u00e9nez se ha convertido en un basti\u00f3n importante en la l\u00ednea defensiva del sorprendente conjunto Barquisimeto Sport Club, que encabeza la tabla en el \u00a0grupo occidental con 19 puntos, tras haberse disputado nueve jornadas de la Liga Futve 2. El llanero ha sido titular en ocho duelos con la pandilla crepuscular, haciendo dupla en el centro de la defensiva con Jean Carlos Lossada. \u201cVamos por buen camino, un grupo muy sano, muchos j\u00f3venes. Hay que sacar la mayor cantidad de puntos para afrontar ambos torneos. Cada partido lo asumimos con mucha responsabilidad y compromiso. De locales nos hemos hecho muy fuertes\u201d, dijo el ex integrante del Portuguesa FC, Academia Anzo\u00e1tegui y Dinamo Puerto.<\/p>\n<p>El acarigue\u00f1o es hijo del recordado Jos\u00e9 Luis Jim\u00e9nez, quien fuera integrante de la Vinotinto, heredando de su padre mucha velocidad a la hora de hacer las coberturas. \u201cSe viene haciendo buen trabajo, se hizo una buena pretemporada y los resultados positivos est\u00e1n a la vista, con arduas sesiones en los entrenamientos y aprovechando al m\u00e1ximo la confianza de los entrenadores que nos permite estar m\u00e1s sueltos juego tras juego\u201d, agreg\u00f3 el mariscal llanero.<\/p>\n<p>Finalmente el jugador de 27 a\u00f1os acot\u00f3 que: \u201cEl campeonato esta parejo con grandes equipos, canchas dif\u00edciles y complicadas. Hemos sabido afrontar duelo tras duelo. Un torneo bastante largo y de mucha exigencia. Estamos viviendo un gran momento y debemos seguir\u00a0 esforz\u00e1ndonos para lo que se avecina. Hay que continuar trabajando y enfocarnos tambi\u00e9n para la Copa Venezuela\u201d.<\/p>\n","protected":false},"excerpt":{"rendered":"<p>(Acarigua) El zaguero portuguese&ntilde;o Marcelo Jim&eacute;nez se ha convertido en un basti&oacute;n importante en la l&iacute;nea defensiva del sorprendente conjunto Barquisimeto Sport Club, que encabeza la tabla en el &nbsp;grupo occidental con 19 puntos, tras haberse disputado nueve jornadas de la Liga Futve 2. El llanero ha sido titular en ocho duelos con la pandilla &hellip;<\/p>\n","protected":false},"author":2,"featured_media":2179,"comment_status":"open","ping_status":"open","sticky":false,"template":"","format":"standard","meta":{"_jetpack_memberships_contains_paid_content":false,"footnotes":""},"categories":[128],"tags":[],"class_list":["post-2176","post","type-post","status-publish","format-standard","has-post-thumbnail","hentry","category-noticias-del-cono-norte"],"yoast_head":"<!-- This site is optimized with the Yoast SEO plugin v24.8.1 - https:\/\/yoast.com\/wordpress\/plugins\/seo\/ -->\n<title>Marcelo Jim\u00e9nez el general de la zaga del Barquisimeto Sport Club -<\/title>\n<meta name=\"robots\" content=\"index, follow, max-snippet:-1, max-image-preview:large, max-video-preview:-1\" \/>\n<link rel=\"canonical\" href=\"https:\/\/periodicocentroccidente.com\/?p=2176\" \/>\n<meta property=\"og:locale\" content=\"es_ES\" \/>\n<meta property=\"og:type\" content=\"article\" \/>\n<meta property=\"og:title\" content=\"Marcelo Jim\u00e9nez el general de la zaga del Barquisimeto Sport Club -\" \/>\n<meta property=\"og:description\" content=\"(Acarigua) El zaguero portuguese&ntilde;o Marcelo Jim&eacute;nez se ha convertido en un basti&oacute;n importante en la l&iacute;nea defensiva del sorprendente conjunto Barquisimeto Sport Club, que encabeza la tabla en el &nbsp;grupo occidental con 19 puntos, tras haberse disputado nueve jornadas de la Liga Futve 2. El llanero ha sido titular en ocho duelos con la pandilla &hellip;\" \/>\n<meta property=\"og:url\" content=\"https:\/\/periodicocentroccidente.com\/?p=2176\" \/>\n<meta property=\"article:published_time\" content=\"2025-05-24T15:26:35+00:00\" \/>\n<meta property=\"article:modified_time\" content=\"2025-05-24T15:28:41+00:00\" \/>\n<meta property=\"og:image\" content=\"https:\/\/periodicocentroccidente.com\/wp-content\/uploads\/2025\/05\/Sin-titulo-3.jpg\" \/>\n\t<meta property=\"og:image:width\" content=\"739\" \/>\n\t<meta property=\"og:image:height\" content=\"513\" \/>\n\t<meta property=\"og:image:type\" content=\"image\/jpeg\" \/>\n<meta name=\"author\" content=\"Ricardo\" \/>\n<meta name=\"twitter:card\" content=\"summary_large_image\" \/>\n<meta name=\"twitter:label1\" content=\"Escrito por\" \/>\n\t<meta name=\"twitter:data1\" content=\"Ricardo\" \/>\n\t<meta name=\"twitter:label2\" content=\"Tiempo de lectura\" \/>\n\t<meta name=\"twitter:data2\" content=\"2 minutos\" \/>\n<script type=\"application\/ld+json\" class=\"yoast-schema-graph\">{\"@context\":\"https:\/\/schema.org\",\"@graph\":[{\"@type\":\"WebPage\",\"@id\":\"https:\/\/periodicocentroccidente.com\/?p=2176\",\"url\":\"https:\/\/periodicocentroccidente.com\/?p=2176\",\"name\":\"Marcelo Jim\u00e9nez el general de la zaga del Barquisimeto Sport Club -\",\"isPartOf\":{\"@id\":\"https:\/\/periodicocentroccidente.com\/#website\"},\"primaryImageOfPage\":{\"@id\":\"https:\/\/periodicocentroccidente.com\/?p=2176#primaryimage\"},\"image\":{\"@id\":\"https:\/\/periodicocentroccidente.com\/?p=2176#primaryimage\"},\"thumbnailUrl\":\"https:\/\/periodicocentroccidente.com\/wp-content\/uploads\/2025\/05\/Sin-titulo-3.jpg\",\"datePublished\":\"2025-05-24T15:26:35+00:00\",\"dateModified\":\"2025-05-24T15:28:41+00:00\",\"author\":{\"@id\":\"https:\/\/periodicocentroccidente.com\/#\/schema\/person\/f4e4a651098f3db198244657b7130e7e\"},\"breadcrumb\":{\"@id\":\"https:\/\/periodicocentroccidente.com\/?p=2176#breadcrumb\"},\"inLanguage\":\"es\",\"potentialAction\":[{\"@type\":\"ReadAction\",\"target\":[\"https:\/\/periodicocentroccidente.com\/?p=2176\"]}]},{\"@type\":\"ImageObject\",\"inLanguage\":\"es\",\"@id\":\"https:\/\/periodicocentroccidente.com\/?p=2176#primaryimage\",\"url\":\"https:\/\/periodicocentroccidente.com\/wp-content\/uploads\/2025\/05\/Sin-titulo-3.jpg\",\"contentUrl\":\"https:\/\/periodicocentroccidente.com\/wp-content\/uploads\/2025\/05\/Sin-titulo-3.jpg\",\"width\":739,\"height\":513},{\"@type\":\"BreadcrumbList\",\"@id\":\"https:\/\/periodicocentroccidente.com\/?p=2176#breadcrumb\",\"itemListElement\":[{\"@type\":\"ListItem\",\"position\":1,\"name\":\"Portada\",\"item\":\"https:\/\/periodicocentroccidente.com\/\"},{\"@type\":\"ListItem\",\"position\":2,\"name\":\"Marcelo Jim\u00e9nez el general de la zaga del Barquisimeto Sport Club\"}]},{\"@type\":\"WebSite\",\"@id\":\"https:\/\/periodicocentroccidente.com\/#website\",\"url\":\"https:\/\/periodicocentroccidente.com\/\",\"name\":\"\",\"description\":\"Periodismo serio y responsable\",\"potentialAction\":[{\"@type\":\"SearchAction\",\"target\":{\"@type\":\"EntryPoint\",\"urlTemplate\":\"https:\/\/periodicocentroccidente.com\/?s={search_term_string}\"},\"query-input\":{\"@type\":\"PropertyValueSpecification\",\"valueRequired\":true,\"valueName\":\"search_term_string\"}}],\"inLanguage\":\"es\"},{\"@type\":\"Person\",\"@id\":\"https:\/\/periodicocentroccidente.com\/#\/schema\/person\/f4e4a651098f3db198244657b7130e7e\",\"name\":\"Ricardo\",\"image\":{\"@type\":\"ImageObject\",\"inLanguage\":\"es\",\"@id\":\"https:\/\/periodicocentroccidente.com\/#\/schema\/person\/image\/\",\"url\":\"https:\/\/secure.gravatar.com\/avatar\/402e6137108ec0fdaa7809184382fb1dd2f8b00264c1d945d341f2b8f90db429?s=96&d=mm&r=g\",\"contentUrl\":\"https:\/\/secure.gravatar.com\/avatar\/402e6137108ec0fdaa7809184382fb1dd2f8b00264c1d945d341f2b8f90db429?s=96&d=mm&r=g\",\"caption\":\"Ricardo\"},\"url\":\"https:\/\/periodicocentroccidente.com\/?author=2\"}]}<\/script>\n<!-- \/ Yoast SEO plugin. -->","yoast_head_json":{"title":"Marcelo Jim\u00e9nez el general de la zaga del Barquisimeto Sport Club -","robots":{"index":"index","follow":"follow","max-snippet":"max-snippet:-1","max-image-preview":"max-image-preview:large","max-video-preview":"max-video-preview:-1"},"canonical":"https:\/\/periodicocentroccidente.com\/?p=2176","og_locale":"es_ES","og_type":"article","og_title":"Marcelo Jim\u00e9nez el general de la zaga del Barquisimeto Sport Club -","og_description":"(Acarigua) El zaguero portuguese&ntilde;o Marcelo Jim&eacute;nez se ha convertido en un basti&oacute;n importante en la l&iacute;nea defensiva del sorprendente conjunto Barquisimeto Sport Club, que encabeza la tabla en el &nbsp;grupo occidental con 19 puntos, tras haberse disputado nueve jornadas de la Liga Futve 2. El llanero ha sido titular en ocho duelos con la pandilla &hellip;","og_url":"https:\/\/periodicocentroccidente.com\/?p=2176","article_published_time":"2025-05-24T15:26:35+00:00","article_modified_time":"2025-05-24T15:28:41+00:00","og_image":[{"width":739,"height":513,"url":"https:\/\/periodicocentroccidente.com\/wp-content\/uploads\/2025\/05\/Sin-titulo-3.jpg","type":"image\/jpeg"}],"author":"Ricardo","twitter_card":"summary_large_image","twitter_misc":{"Escrito por":"Ricardo","Tiempo de lectura":"2 minutos"},"schema":{"@context":"https:\/\/schema.org","@graph":[{"@type":"WebPage","@id":"https:\/\/periodicocentroccidente.com\/?p=2176","url":"https:\/\/periodicocentroccidente.com\/?p=2176","name":"Marcelo Jim\u00e9nez el general de la zaga del Barquisimeto Sport Club -","isPartOf":{"@id":"https:\/\/periodicocentroccidente.com\/#website"},"primaryImageOfPage":{"@id":"https:\/\/periodicocentroccidente.com\/?p=2176#primaryimage"},"image":{"@id":"https:\/\/periodicocentroccidente.com\/?p=2176#primaryimage"},"thumbnailUrl":"https:\/\/periodicocentroccidente.com\/wp-content\/uploads\/2025\/05\/Sin-titulo-3.jpg","datePublished":"2025-05-24T15:26:35+00:00","dateModified":"2025-05-24T15:28:41+00:00","author":{"@id":"https:\/\/periodicocentroccidente.com\/#\/schema\/person\/f4e4a651098f3db198244657b7130e7e"},"breadcrumb":{"@id":"https:\/\/periodicocentroccidente.com\/?p=2176#breadcrumb"},"inLanguage":"es","potentialAction":[{"@type":"ReadAction","target":["https:\/\/periodicocentroccidente.com\/?p=2176"]}]},{"@type":"ImageObject","inLanguage":"es","@id":"https:\/\/periodicocentroccidente.com\/?p=2176#primaryimage","url":"https:\/\/periodicocentroccidente.com\/wp-content\/uploads\/2025\/05\/Sin-titulo-3.jpg","contentUrl":"https:\/\/periodicocentroccidente.com\/wp-content\/uploads\/2025\/05\/Sin-titulo-3.jpg","width":739,"height":513},{"@type":"BreadcrumbList","@id":"https:\/\/periodicocentroccidente.com\/?p=2176#breadcrumb","itemListElement":[{"@type":"ListItem","position":1,"name":"Portada","item":"https:\/\/periodicocentroccidente.com\/"},{"@type":"ListItem","position":2,"name":"Marcelo Jim\u00e9nez el general de la zaga del Barquisimeto Sport Club"}]},{"@type":"WebSite","@id":"https:\/\/periodicocentroccidente.com\/#website","url":"https:\/\/periodicocentroccidente.com\/","name":"","description":"Periodismo serio y responsable","potentialAction":[{"@type":"SearchAction","target":{"@type":"EntryPoint","urlTemplate":"https:\/\/periodicocentroccidente.com\/?s={search_term_string}"},"query-input":{"@type":"PropertyValueSpecification","valueRequired":true,"valueName":"search_term_string"}}],"inLanguage":"es"},{"@type":"Person","@id":"https:\/\/periodicocentroccidente.com\/#\/schema\/person\/f4e4a651098f3db198244657b7130e7e","name":"Ricardo","image":{"@type":"ImageObject","inLanguage":"es","@id":"https:\/\/periodicocentroccidente.com\/#\/schema\/person\/image\/","url":"https:\/\/secure.gravatar.com\/avatar\/402e6137108ec0fdaa7809184382fb1dd2f8b00264c1d945d341f2b8f90db429?s=96&d=mm&r=g","contentUrl":"https:\/\/secure.gravatar.com\/avatar\/402e6137108ec0fdaa7809184382fb1dd2f8b00264c1d945d341f2b8f90db429?s=96&d=mm&r=g","caption":"Ricardo"},"url":"https:\/\/periodicocentroccidente.com\/?author=2"}]}},"jetpack_featured_media_url":"https:\/\/periodicocentroccidente.com\/wp-content\/uploads\/2025\/05\/Sin-titulo-3.jpg","jetpack_sharing_enabled":true,"jetpack-related-posts":[],"_links":{"self":[{"href":"https:\/\/periodicocentroccidente.com\/index.php?rest_route=\/wp\/v2\/posts\/2176","targetHints":{"allow":["GET"]}}],"collection":[{"href":"https:\/\/periodicocentroccidente.com\/index.php?rest_route=\/wp\/v2\/posts"}],"about":[{"href":"https:\/\/periodicocentroccidente.com\/index.php?rest_route=\/wp\/v2\/types\/post"}],"author":[{"embeddable":true,"href":"https:\/\/periodicocentroccidente.com\/index.php?rest_route=\/wp\/v2\/users\/2"}],"replies":[{"embeddable":true,"href":"https:\/\/periodicocentroccidente.com\/index.php?rest_route=%2Fwp%2Fv2%2Fcomments&post=2176"}],"version-history":[{"count":1,"href":"https:\/\/periodicocentroccidente.com\/index.php?rest_route=\/wp\/v2\/posts\/2176\/revisions"}],"predecessor-version":[{"id":2178,"href":"https:\/\/periodicocentroccidente.com\/index.php?rest_route=\/wp\/v2\/posts\/2176\/revisions\/2178"}],"wp:featuredmedia":[{"embeddable":true,"href":"https:\/\/periodicocentroccidente.com\/index.php?rest_route=\/wp\/v2\/media\/2179"}],"wp:attachment":[{"href":"https:\/\/periodicocentroccidente.com\/index.php?rest_route=%2Fwp%2Fv2%2Fmedia&parent=2176"}],"wp:term":[{"taxonomy":"category","embeddable":true,"href":"https:\/\/periodicocentroccidente.com\/index.php?rest_route=%2Fwp%2Fv2%2Fcategories&post=2176"},{"taxonomy":"post_tag","embeddable":true,"href":"https:\/\/periodicocentroccidente.com\/index.php?rest_route=%2Fwp%2Fv2%2Ftags&post=2176"}],"curies":[{"name":"wp","href":"https:\/\/api.w.org\/{rel}","templated":true}]}}