{"id":2098,"date":"2025-05-13T20:30:11","date_gmt":"2025-05-13T20:30:11","guid":{"rendered":"https:\/\/periodicocentroccidente.com\/?p=2098"},"modified":"2025-05-13T20:30:11","modified_gmt":"2025-05-13T20:30:11","slug":"primitivo-cedeno-somos-gente-que-resuelve-y-no-paramos-de-trabajar","status":"publish","type":"post","link":"https:\/\/periodicocentroccidente.com\/?p=2098","title":{"rendered":"Primitivo Cede\u00f1o: Somos gente que resuelve y no paramos de trabajar"},"content":{"rendered":"<div dir=\"auto\">(Texto: Cruz Mario Silva\/ Fotos Cortes\u00eda: Jos\u00e9 Falc\u00f3n).-<\/div>\n<div dir=\"auto\"><\/div>\n<div dir=\"auto\">Cuando faltan menos 13 d\u00edas para la celebraci\u00f3n de los comicios a gobernadores, diputados a la Asamblea Nacional y parlamentarios regionales, el candidato a la reelecci\u00f3n por el Psuv-GPP: Primitivo Cede\u00f1o, realiz\u00f3 un acto de masa con las fuerzas pol\u00edticas que respaldan el proyecto revolucionario hoy martes 13 de mayo, en las instalaciones del gimnasio cubierto, Wilbaldo Zabaleta de Acarigua.<\/div>\n<div dir=\"auto\"><\/div>\n<div dir=\"auto\">En su discurso Cede\u00f1o enfatiz\u00f3, que la labor por hacer de Portuguesa el mejor estado para vivir, invertir y trabajar es 24\/7 por 365 d\u00edas del a\u00f1o.<\/div>\n<div dir=\"auto\"><\/div>\n<div dir=\"auto\">El candidato, quien se hizo acompa\u00f1ar de los aspirantes a la AN y al Clep, dijo que la revoluci\u00f3n est\u00e1 m\u00e1s fortalecida que antes y a pesar del inclemente asedio econ\u00f3mico y el cruel ataque al presupuesto familiar por parte de la oposici\u00f3n venezolana y extranjera, \u00abla gente sabe que somos gente que resuelve con lo poco que entra por concepto de renta petrolera o por ingresos propios\u00bb.<\/div>\n<div dir=\"auto\"><\/div>\n<div dir=\"auto\">Las palabras del candidato eran secundadas por su equipo de trabajo y aplaudidas por el p\u00fablico presente, personas humildes provenientes de los barrios de Acarigua, Araure y Agua Blanca.<\/div>\n<div dir=\"auto\">Primitivo Cede\u00f1o agradeci\u00f3 al presidente Nicol\u00e1s Maduro y al noble pueblo de Portuguesa por el apoyo a su candidatura. \u00abNuestro hermano presidente estuvo en Rusia, \u00a1ah! y eso fue toda una novedad para los enemigos de Venezuela, desde el gobierno de Trump, hasta las bases de la oposici\u00f3n rancia de\u00a0 aqu\u00ed se estremecieron de la rabia. Lo que ellos no entienden es que Maduro es pueblo, Maduro es Ch\u00e1vez y contra eso ellos no pueden\u00bb.<\/div>\n<div dir=\"auto\"><\/div>\n<div dir=\"auto\"><img loading=\"lazy\" decoding=\"async\" class=\"alignnone size-medium wp-image-2095\" src=\"https:\/\/periodicocentroccidente.com\/wp-content\/uploads\/2025\/05\/IMG-20250513-WA1039-300x225.jpg\" alt=\"\" width=\"300\" height=\"225\" srcset=\"https:\/\/periodicocentroccidente.com\/wp-content\/uploads\/2025\/05\/IMG-20250513-WA1039-300x225.jpg 300w, https:\/\/periodicocentroccidente.com\/wp-content\/uploads\/2025\/05\/IMG-20250513-WA1039-1024x767.jpg 1024w, https:\/\/periodicocentroccidente.com\/wp-content\/uploads\/2025\/05\/IMG-20250513-WA1039-768x575.jpg 768w, https:\/\/periodicocentroccidente.com\/wp-content\/uploads\/2025\/05\/IMG-20250513-WA1039.jpg 1080w\" sizes=\"auto, (max-width: 300px) 100vw, 300px\" \/><\/div>\n","protected":false},"excerpt":{"rendered":"<p>(Texto: Cruz Mario Silva\/ Fotos Cortes&iacute;a: Jos&eacute; Falc&oacute;n).- Cuando faltan menos 13 d&iacute;as para la celebraci&oacute;n de los comicios a gobernadores, diputados a la Asamblea Nacional y parlamentarios regionales, el candidato a la reelecci&oacute;n por el Psuv-GPP: Primitivo Cede&ntilde;o, realiz&oacute; un acto de masa con las fuerzas pol&iacute;ticas que respaldan el proyecto revolucionario hoy martes &hellip;<\/p>\n","protected":false},"author":2,"featured_media":2094,"comment_status":"open","ping_status":"open","sticky":false,"template":"","format":"standard","meta":{"_jetpack_memberships_contains_paid_content":false,"footnotes":""},"categories":[128],"tags":[],"class_list":["post-2098","post","type-post","status-publish","format-standard","has-post-thumbnail","hentry","category-noticias-del-cono-norte"],"yoast_head":"<!-- This site is optimized with the Yoast SEO plugin v24.8.1 - https:\/\/yoast.com\/wordpress\/plugins\/seo\/ -->\n<title>Primitivo Cede\u00f1o: Somos gente que resuelve y no paramos de trabajar -<\/title>\n<meta name=\"robots\" content=\"index, follow, max-snippet:-1, max-image-preview:large, max-video-preview:-1\" \/>\n<link rel=\"canonical\" href=\"https:\/\/periodicocentroccidente.com\/?p=2098\" \/>\n<meta property=\"og:locale\" content=\"es_ES\" \/>\n<meta property=\"og:type\" content=\"article\" \/>\n<meta property=\"og:title\" content=\"Primitivo Cede\u00f1o: Somos gente que resuelve y no paramos de trabajar -\" \/>\n<meta property=\"og:description\" content=\"(Texto: Cruz Mario Silva\/ Fotos Cortes&iacute;a: Jos&eacute; Falc&oacute;n).- Cuando faltan menos 13 d&iacute;as para la celebraci&oacute;n de los comicios a gobernadores, diputados a la Asamblea Nacional y parlamentarios regionales, el candidato a la reelecci&oacute;n por el Psuv-GPP: Primitivo Cede&ntilde;o, realiz&oacute; un acto de masa con las fuerzas pol&iacute;ticas que respaldan el proyecto revolucionario hoy martes &hellip;\" \/>\n<meta property=\"og:url\" content=\"https:\/\/periodicocentroccidente.com\/?p=2098\" \/>\n<meta property=\"article:published_time\" content=\"2025-05-13T20:30:11+00:00\" \/>\n<meta property=\"og:image\" content=\"https:\/\/periodicocentroccidente.com\/wp-content\/uploads\/2025\/05\/IMG-20250513-WA1037.jpg\" \/>\n\t<meta property=\"og:image:width\" content=\"809\" \/>\n\t<meta property=\"og:image:height\" content=\"1080\" \/>\n\t<meta property=\"og:image:type\" content=\"image\/jpeg\" \/>\n<meta name=\"author\" content=\"Ricardo\" \/>\n<meta name=\"twitter:card\" content=\"summary_large_image\" \/>\n<meta name=\"twitter:label1\" content=\"Escrito por\" \/>\n\t<meta name=\"twitter:data1\" content=\"Ricardo\" \/>\n\t<meta name=\"twitter:label2\" content=\"Tiempo de lectura\" \/>\n\t<meta name=\"twitter:data2\" content=\"2 minutos\" \/>\n<script type=\"application\/ld+json\" class=\"yoast-schema-graph\">{\"@context\":\"https:\/\/schema.org\",\"@graph\":[{\"@type\":\"WebPage\",\"@id\":\"https:\/\/periodicocentroccidente.com\/?p=2098\",\"url\":\"https:\/\/periodicocentroccidente.com\/?p=2098\",\"name\":\"Primitivo Cede\u00f1o: Somos gente que resuelve y no paramos de trabajar -\",\"isPartOf\":{\"@id\":\"https:\/\/periodicocentroccidente.com\/#website\"},\"primaryImageOfPage\":{\"@id\":\"https:\/\/periodicocentroccidente.com\/?p=2098#primaryimage\"},\"image\":{\"@id\":\"https:\/\/periodicocentroccidente.com\/?p=2098#primaryimage\"},\"thumbnailUrl\":\"https:\/\/periodicocentroccidente.com\/wp-content\/uploads\/2025\/05\/IMG-20250513-WA1037.jpg\",\"datePublished\":\"2025-05-13T20:30:11+00:00\",\"author\":{\"@id\":\"https:\/\/periodicocentroccidente.com\/#\/schema\/person\/f4e4a651098f3db198244657b7130e7e\"},\"breadcrumb\":{\"@id\":\"https:\/\/periodicocentroccidente.com\/?p=2098#breadcrumb\"},\"inLanguage\":\"es\",\"potentialAction\":[{\"@type\":\"ReadAction\",\"target\":[\"https:\/\/periodicocentroccidente.com\/?p=2098\"]}]},{\"@type\":\"ImageObject\",\"inLanguage\":\"es\",\"@id\":\"https:\/\/periodicocentroccidente.com\/?p=2098#primaryimage\",\"url\":\"https:\/\/periodicocentroccidente.com\/wp-content\/uploads\/2025\/05\/IMG-20250513-WA1037.jpg\",\"contentUrl\":\"https:\/\/periodicocentroccidente.com\/wp-content\/uploads\/2025\/05\/IMG-20250513-WA1037.jpg\",\"width\":809,\"height\":1080},{\"@type\":\"BreadcrumbList\",\"@id\":\"https:\/\/periodicocentroccidente.com\/?p=2098#breadcrumb\",\"itemListElement\":[{\"@type\":\"ListItem\",\"position\":1,\"name\":\"Portada\",\"item\":\"https:\/\/periodicocentroccidente.com\/\"},{\"@type\":\"ListItem\",\"position\":2,\"name\":\"Primitivo Cede\u00f1o: Somos gente que resuelve y no paramos de trabajar\"}]},{\"@type\":\"WebSite\",\"@id\":\"https:\/\/periodicocentroccidente.com\/#website\",\"url\":\"https:\/\/periodicocentroccidente.com\/\",\"name\":\"\",\"description\":\"Periodismo serio y responsable\",\"potentialAction\":[{\"@type\":\"SearchAction\",\"target\":{\"@type\":\"EntryPoint\",\"urlTemplate\":\"https:\/\/periodicocentroccidente.com\/?s={search_term_string}\"},\"query-input\":{\"@type\":\"PropertyValueSpecification\",\"valueRequired\":true,\"valueName\":\"search_term_string\"}}],\"inLanguage\":\"es\"},{\"@type\":\"Person\",\"@id\":\"https:\/\/periodicocentroccidente.com\/#\/schema\/person\/f4e4a651098f3db198244657b7130e7e\",\"name\":\"Ricardo\",\"image\":{\"@type\":\"ImageObject\",\"inLanguage\":\"es\",\"@id\":\"https:\/\/periodicocentroccidente.com\/#\/schema\/person\/image\/\",\"url\":\"https:\/\/secure.gravatar.com\/avatar\/402e6137108ec0fdaa7809184382fb1dd2f8b00264c1d945d341f2b8f90db429?s=96&d=mm&r=g\",\"contentUrl\":\"https:\/\/secure.gravatar.com\/avatar\/402e6137108ec0fdaa7809184382fb1dd2f8b00264c1d945d341f2b8f90db429?s=96&d=mm&r=g\",\"caption\":\"Ricardo\"},\"url\":\"https:\/\/periodicocentroccidente.com\/?author=2\"}]}<\/script>\n<!-- \/ Yoast SEO plugin. -->","yoast_head_json":{"title":"Primitivo Cede\u00f1o: Somos gente que resuelve y no paramos de trabajar -","robots":{"index":"index","follow":"follow","max-snippet":"max-snippet:-1","max-image-preview":"max-image-preview:large","max-video-preview":"max-video-preview:-1"},"canonical":"https:\/\/periodicocentroccidente.com\/?p=2098","og_locale":"es_ES","og_type":"article","og_title":"Primitivo Cede\u00f1o: Somos gente que resuelve y no paramos de trabajar -","og_description":"(Texto: Cruz Mario Silva\/ Fotos Cortes&iacute;a: Jos&eacute; Falc&oacute;n).- Cuando faltan menos 13 d&iacute;as para la celebraci&oacute;n de los comicios a gobernadores, diputados a la Asamblea Nacional y parlamentarios regionales, el candidato a la reelecci&oacute;n por el Psuv-GPP: Primitivo Cede&ntilde;o, realiz&oacute; un acto de masa con las fuerzas pol&iacute;ticas que respaldan el proyecto revolucionario hoy martes &hellip;","og_url":"https:\/\/periodicocentroccidente.com\/?p=2098","article_published_time":"2025-05-13T20:30:11+00:00","og_image":[{"width":809,"height":1080,"url":"https:\/\/periodicocentroccidente.com\/wp-content\/uploads\/2025\/05\/IMG-20250513-WA1037.jpg","type":"image\/jpeg"}],"author":"Ricardo","twitter_card":"summary_large_image","twitter_misc":{"Escrito por":"Ricardo","Tiempo de lectura":"2 minutos"},"schema":{"@context":"https:\/\/schema.org","@graph":[{"@type":"WebPage","@id":"https:\/\/periodicocentroccidente.com\/?p=2098","url":"https:\/\/periodicocentroccidente.com\/?p=2098","name":"Primitivo Cede\u00f1o: Somos gente que resuelve y no paramos de trabajar -","isPartOf":{"@id":"https:\/\/periodicocentroccidente.com\/#website"},"primaryImageOfPage":{"@id":"https:\/\/periodicocentroccidente.com\/?p=2098#primaryimage"},"image":{"@id":"https:\/\/periodicocentroccidente.com\/?p=2098#primaryimage"},"thumbnailUrl":"https:\/\/periodicocentroccidente.com\/wp-content\/uploads\/2025\/05\/IMG-20250513-WA1037.jpg","datePublished":"2025-05-13T20:30:11+00:00","author":{"@id":"https:\/\/periodicocentroccidente.com\/#\/schema\/person\/f4e4a651098f3db198244657b7130e7e"},"breadcrumb":{"@id":"https:\/\/periodicocentroccidente.com\/?p=2098#breadcrumb"},"inLanguage":"es","potentialAction":[{"@type":"ReadAction","target":["https:\/\/periodicocentroccidente.com\/?p=2098"]}]},{"@type":"ImageObject","inLanguage":"es","@id":"https:\/\/periodicocentroccidente.com\/?p=2098#primaryimage","url":"https:\/\/periodicocentroccidente.com\/wp-content\/uploads\/2025\/05\/IMG-20250513-WA1037.jpg","contentUrl":"https:\/\/periodicocentroccidente.com\/wp-content\/uploads\/2025\/05\/IMG-20250513-WA1037.jpg","width":809,"height":1080},{"@type":"BreadcrumbList","@id":"https:\/\/periodicocentroccidente.com\/?p=2098#breadcrumb","itemListElement":[{"@type":"ListItem","position":1,"name":"Portada","item":"https:\/\/periodicocentroccidente.com\/"},{"@type":"ListItem","position":2,"name":"Primitivo Cede\u00f1o: Somos gente que resuelve y no paramos de trabajar"}]},{"@type":"WebSite","@id":"https:\/\/periodicocentroccidente.com\/#website","url":"https:\/\/periodicocentroccidente.com\/","name":"","description":"Periodismo serio y responsable","potentialAction":[{"@type":"SearchAction","target":{"@type":"EntryPoint","urlTemplate":"https:\/\/periodicocentroccidente.com\/?s={search_term_string}"},"query-input":{"@type":"PropertyValueSpecification","valueRequired":true,"valueName":"search_term_string"}}],"inLanguage":"es"},{"@type":"Person","@id":"https:\/\/periodicocentroccidente.com\/#\/schema\/person\/f4e4a651098f3db198244657b7130e7e","name":"Ricardo","image":{"@type":"ImageObject","inLanguage":"es","@id":"https:\/\/periodicocentroccidente.com\/#\/schema\/person\/image\/","url":"https:\/\/secure.gravatar.com\/avatar\/402e6137108ec0fdaa7809184382fb1dd2f8b00264c1d945d341f2b8f90db429?s=96&d=mm&r=g","contentUrl":"https:\/\/secure.gravatar.com\/avatar\/402e6137108ec0fdaa7809184382fb1dd2f8b00264c1d945d341f2b8f90db429?s=96&d=mm&r=g","caption":"Ricardo"},"url":"https:\/\/periodicocentroccidente.com\/?author=2"}]}},"jetpack_featured_media_url":"https:\/\/periodicocentroccidente.com\/wp-content\/uploads\/2025\/05\/IMG-20250513-WA1037.jpg","jetpack_sharing_enabled":true,"jetpack-related-posts":[],"_links":{"self":[{"href":"https:\/\/periodicocentroccidente.com\/index.php?rest_route=\/wp\/v2\/posts\/2098","targetHints":{"allow":["GET"]}}],"collection":[{"href":"https:\/\/periodicocentroccidente.com\/index.php?rest_route=\/wp\/v2\/posts"}],"about":[{"href":"https:\/\/periodicocentroccidente.com\/index.php?rest_route=\/wp\/v2\/types\/post"}],"author":[{"embeddable":true,"href":"https:\/\/periodicocentroccidente.com\/index.php?rest_route=\/wp\/v2\/users\/2"}],"replies":[{"embeddable":true,"href":"https:\/\/periodicocentroccidente.com\/index.php?rest_route=%2Fwp%2Fv2%2Fcomments&post=2098"}],"version-history":[{"count":1,"href":"https:\/\/periodicocentroccidente.com\/index.php?rest_route=\/wp\/v2\/posts\/2098\/revisions"}],"predecessor-version":[{"id":2099,"href":"https:\/\/periodicocentroccidente.com\/index.php?rest_route=\/wp\/v2\/posts\/2098\/revisions\/2099"}],"wp:featuredmedia":[{"embeddable":true,"href":"https:\/\/periodicocentroccidente.com\/index.php?rest_route=\/wp\/v2\/media\/2094"}],"wp:attachment":[{"href":"https:\/\/periodicocentroccidente.com\/index.php?rest_route=%2Fwp%2Fv2%2Fmedia&parent=2098"}],"wp:term":[{"taxonomy":"category","embeddable":true,"href":"https:\/\/periodicocentroccidente.com\/index.php?rest_route=%2Fwp%2Fv2%2Fcategories&post=2098"},{"taxonomy":"post_tag","embeddable":true,"href":"https:\/\/periodicocentroccidente.com\/index.php?rest_route=%2Fwp%2Fv2%2Ftags&post=2098"}],"curies":[{"name":"wp","href":"https:\/\/api.w.org\/{rel}","templated":true}]}}