{"id":2081,"date":"2025-05-13T15:55:35","date_gmt":"2025-05-13T15:55:35","guid":{"rendered":"https:\/\/periodicocentroccidente.com\/?p=2081"},"modified":"2025-05-13T15:55:35","modified_gmt":"2025-05-13T15:55:35","slug":"cuarenta-y-cinco-anos-de-sabor","status":"publish","type":"post","link":"https:\/\/periodicocentroccidente.com\/?p=2081","title":{"rendered":"\u00a1Cuarenta y Cinco A\u00f1os de Sabor!"},"content":{"rendered":"<p>Especial \/ lapuracrema.net<\/p>\n<div dir=\"auto\">El reconocido m\u00fasico y promotor venezolano Alfredo Rojas dar\u00e1 inicio a la celebraci\u00f3n de sus 45 a\u00f1os de una prol\u00edfica carrera art\u00edstica con un espectacular \u00abGran Rumb\u00f3n Venezolano\u00bb. El evento contar\u00e1 con la participaci\u00f3n de destacados artistas invitados y la presentaci\u00f3n especial de la Banda Alfredo Rojas y su Caribe Show, quienes tambi\u00e9n celebrar\u00e1n su 26 aniversario.<\/div>\n<div dir=\"auto\">El homenajeado de la noche ser\u00e1 Alfredo Rojas, figura emblem\u00e1tica de la m\u00fasica y la promoci\u00f3n de eventos a nivel internacional. Lo acompa\u00f1ar\u00e1n en el escenario talentosos artistas como Angelove Banda, Javier Marcano (exvocalista de Los Mel\u00f3dicos), Isabella Daza y Fernando Mart\u00ednez. La m\u00fasica estar\u00e1 a cargo tambi\u00e9n de DJ Urdaneta Son.<\/div>\n<div dir=\"auto\">La cita para esta gran celebraci\u00f3n ser\u00e1 el pr\u00f3ximo s\u00e1bado 14 de junio. El epicentro de esta fiesta venezolana ser\u00e1 la Discoteca Amarna, ubicada en el vibrante sector de El Poblado, Medell\u00edn, Colombia.<\/div>\n<div dir=\"auto\">Este evento marca el inicio de una serie de celebraciones y lanzamientos musicales con los que Alfredo Rojas conmemorar\u00e1 sus 45 a\u00f1os de trayectoria art\u00edstica, reafirmando su legado y su conexi\u00f3n con el p\u00fablico colombiano. Adem\u00e1s, se suma la celebraci\u00f3n de los 26 a\u00f1os de la Banda Alfredo Rojas y su Caribe Show, consolidando su aporte al panorama musical.<\/div>\n<div dir=\"auto\">La carrera art\u00edstica de Alfredo Rojas es extensa y multifac\u00e9tica, abarcando m\u00e1s de cuatro d\u00e9cadas de dedicaci\u00f3n a la m\u00fasica y la promoci\u00f3n cultural, principalmente en Venezuela y Colombia. La trayectoria de Alfredo Rojas es la de un artista y gestor cultural incansable, que ha dejado una huella significativa en la m\u00fasica y la promoci\u00f3n de talentos, celebrando en 2025 sus 45 a\u00f1os de carrera con nuevos proyectos y reconocimientos.<\/div>\n<div dir=\"auto\">Pr\u00f3ximos Pasos: Alfredo Rojas anticipa que este rumb\u00f3n en Medell\u00edn es solo el comienzo de una serie de eventos y sorpresas musicales que se extender\u00e1n por diversos departamentos de Colombia.<\/div>\n<div dir=\"auto\">Mantente Conectado: Para no perderte ning\u00fan detalle de esta celebraci\u00f3n y futuros eventos, sigue las redes sociales de Alfredo Rojas: @alfredorojas_promotor, @arproduccionesve y @caribeshowdealfredorojas.<\/div>\n<div dir=\"auto\">Producci\u00f3n: Este evento es una producci\u00f3n de @arproduccionesve y @orientenocturno.<\/div>\n","protected":false},"excerpt":{"rendered":"<p>Especial \/ lapuracrema.net El reconocido m&uacute;sico y promotor venezolano Alfredo Rojas dar&aacute; inicio a la celebraci&oacute;n de sus 45 a&ntilde;os de una prol&iacute;fica carrera art&iacute;stica con un espectacular &laquo;Gran Rumb&oacute;n Venezolano&raquo;. El evento contar&aacute; con la participaci&oacute;n de destacados artistas invitados y la presentaci&oacute;n especial de la Banda Alfredo Rojas y su Caribe Show, quienes &hellip;<\/p>\n","protected":false},"author":2,"featured_media":2082,"comment_status":"open","ping_status":"open","sticky":false,"template":"","format":"standard","meta":{"_jetpack_memberships_contains_paid_content":false,"footnotes":""},"categories":[127],"tags":[],"class_list":["post-2081","post","type-post","status-publish","format-standard","has-post-thumbnail","hentry","category-noticias-recientes"],"yoast_head":"<!-- This site is optimized with the Yoast SEO plugin v24.8.1 - https:\/\/yoast.com\/wordpress\/plugins\/seo\/ -->\n<title>\u00a1Cuarenta y Cinco A\u00f1os de Sabor! -<\/title>\n<meta name=\"robots\" content=\"index, follow, max-snippet:-1, max-image-preview:large, max-video-preview:-1\" \/>\n<link rel=\"canonical\" href=\"https:\/\/periodicocentroccidente.com\/?p=2081\" \/>\n<meta property=\"og:locale\" content=\"es_ES\" \/>\n<meta property=\"og:type\" content=\"article\" \/>\n<meta property=\"og:title\" content=\"\u00a1Cuarenta y Cinco A\u00f1os de Sabor! -\" \/>\n<meta property=\"og:description\" content=\"Especial \/ lapuracrema.net El reconocido m&uacute;sico y promotor venezolano Alfredo Rojas dar&aacute; inicio a la celebraci&oacute;n de sus 45 a&ntilde;os de una prol&iacute;fica carrera art&iacute;stica con un espectacular &laquo;Gran Rumb&oacute;n Venezolano&raquo;. El evento contar&aacute; con la participaci&oacute;n de destacados artistas invitados y la presentaci&oacute;n especial de la Banda Alfredo Rojas y su Caribe Show, quienes &hellip;\" \/>\n<meta property=\"og:url\" content=\"https:\/\/periodicocentroccidente.com\/?p=2081\" \/>\n<meta property=\"article:published_time\" content=\"2025-05-13T15:55:35+00:00\" \/>\n<meta property=\"og:image\" content=\"https:\/\/periodicocentroccidente.com\/wp-content\/uploads\/2025\/05\/IMG-20250513-WA0635.jpg\" \/>\n\t<meta property=\"og:image:width\" content=\"1600\" \/>\n\t<meta property=\"og:image:height\" content=\"900\" \/>\n\t<meta property=\"og:image:type\" content=\"image\/jpeg\" \/>\n<meta name=\"author\" content=\"Ricardo\" \/>\n<meta name=\"twitter:card\" content=\"summary_large_image\" \/>\n<meta name=\"twitter:label1\" content=\"Escrito por\" \/>\n\t<meta name=\"twitter:data1\" content=\"Ricardo\" \/>\n\t<meta name=\"twitter:label2\" content=\"Tiempo de lectura\" \/>\n\t<meta name=\"twitter:data2\" content=\"2 minutos\" \/>\n<script type=\"application\/ld+json\" class=\"yoast-schema-graph\">{\"@context\":\"https:\/\/schema.org\",\"@graph\":[{\"@type\":\"WebPage\",\"@id\":\"https:\/\/periodicocentroccidente.com\/?p=2081\",\"url\":\"https:\/\/periodicocentroccidente.com\/?p=2081\",\"name\":\"\u00a1Cuarenta y Cinco A\u00f1os de Sabor! -\",\"isPartOf\":{\"@id\":\"https:\/\/periodicocentroccidente.com\/#website\"},\"primaryImageOfPage\":{\"@id\":\"https:\/\/periodicocentroccidente.com\/?p=2081#primaryimage\"},\"image\":{\"@id\":\"https:\/\/periodicocentroccidente.com\/?p=2081#primaryimage\"},\"thumbnailUrl\":\"https:\/\/periodicocentroccidente.com\/wp-content\/uploads\/2025\/05\/IMG-20250513-WA0635.jpg\",\"datePublished\":\"2025-05-13T15:55:35+00:00\",\"author\":{\"@id\":\"https:\/\/periodicocentroccidente.com\/#\/schema\/person\/f4e4a651098f3db198244657b7130e7e\"},\"breadcrumb\":{\"@id\":\"https:\/\/periodicocentroccidente.com\/?p=2081#breadcrumb\"},\"inLanguage\":\"es\",\"potentialAction\":[{\"@type\":\"ReadAction\",\"target\":[\"https:\/\/periodicocentroccidente.com\/?p=2081\"]}]},{\"@type\":\"ImageObject\",\"inLanguage\":\"es\",\"@id\":\"https:\/\/periodicocentroccidente.com\/?p=2081#primaryimage\",\"url\":\"https:\/\/periodicocentroccidente.com\/wp-content\/uploads\/2025\/05\/IMG-20250513-WA0635.jpg\",\"contentUrl\":\"https:\/\/periodicocentroccidente.com\/wp-content\/uploads\/2025\/05\/IMG-20250513-WA0635.jpg\",\"width\":1600,\"height\":900},{\"@type\":\"BreadcrumbList\",\"@id\":\"https:\/\/periodicocentroccidente.com\/?p=2081#breadcrumb\",\"itemListElement\":[{\"@type\":\"ListItem\",\"position\":1,\"name\":\"Portada\",\"item\":\"https:\/\/periodicocentroccidente.com\/\"},{\"@type\":\"ListItem\",\"position\":2,\"name\":\"\u00a1Cuarenta y Cinco A\u00f1os de Sabor!\"}]},{\"@type\":\"WebSite\",\"@id\":\"https:\/\/periodicocentroccidente.com\/#website\",\"url\":\"https:\/\/periodicocentroccidente.com\/\",\"name\":\"\",\"description\":\"Periodismo serio y responsable\",\"potentialAction\":[{\"@type\":\"SearchAction\",\"target\":{\"@type\":\"EntryPoint\",\"urlTemplate\":\"https:\/\/periodicocentroccidente.com\/?s={search_term_string}\"},\"query-input\":{\"@type\":\"PropertyValueSpecification\",\"valueRequired\":true,\"valueName\":\"search_term_string\"}}],\"inLanguage\":\"es\"},{\"@type\":\"Person\",\"@id\":\"https:\/\/periodicocentroccidente.com\/#\/schema\/person\/f4e4a651098f3db198244657b7130e7e\",\"name\":\"Ricardo\",\"image\":{\"@type\":\"ImageObject\",\"inLanguage\":\"es\",\"@id\":\"https:\/\/periodicocentroccidente.com\/#\/schema\/person\/image\/\",\"url\":\"https:\/\/secure.gravatar.com\/avatar\/402e6137108ec0fdaa7809184382fb1dd2f8b00264c1d945d341f2b8f90db429?s=96&d=mm&r=g\",\"contentUrl\":\"https:\/\/secure.gravatar.com\/avatar\/402e6137108ec0fdaa7809184382fb1dd2f8b00264c1d945d341f2b8f90db429?s=96&d=mm&r=g\",\"caption\":\"Ricardo\"},\"url\":\"https:\/\/periodicocentroccidente.com\/?author=2\"}]}<\/script>\n<!-- \/ Yoast SEO plugin. -->","yoast_head_json":{"title":"\u00a1Cuarenta y Cinco A\u00f1os de Sabor! -","robots":{"index":"index","follow":"follow","max-snippet":"max-snippet:-1","max-image-preview":"max-image-preview:large","max-video-preview":"max-video-preview:-1"},"canonical":"https:\/\/periodicocentroccidente.com\/?p=2081","og_locale":"es_ES","og_type":"article","og_title":"\u00a1Cuarenta y Cinco A\u00f1os de Sabor! -","og_description":"Especial \/ lapuracrema.net El reconocido m&uacute;sico y promotor venezolano Alfredo Rojas dar&aacute; inicio a la celebraci&oacute;n de sus 45 a&ntilde;os de una prol&iacute;fica carrera art&iacute;stica con un espectacular &laquo;Gran Rumb&oacute;n Venezolano&raquo;. El evento contar&aacute; con la participaci&oacute;n de destacados artistas invitados y la presentaci&oacute;n especial de la Banda Alfredo Rojas y su Caribe Show, quienes &hellip;","og_url":"https:\/\/periodicocentroccidente.com\/?p=2081","article_published_time":"2025-05-13T15:55:35+00:00","og_image":[{"width":1600,"height":900,"url":"https:\/\/periodicocentroccidente.com\/wp-content\/uploads\/2025\/05\/IMG-20250513-WA0635.jpg","type":"image\/jpeg"}],"author":"Ricardo","twitter_card":"summary_large_image","twitter_misc":{"Escrito por":"Ricardo","Tiempo de lectura":"2 minutos"},"schema":{"@context":"https:\/\/schema.org","@graph":[{"@type":"WebPage","@id":"https:\/\/periodicocentroccidente.com\/?p=2081","url":"https:\/\/periodicocentroccidente.com\/?p=2081","name":"\u00a1Cuarenta y Cinco A\u00f1os de Sabor! -","isPartOf":{"@id":"https:\/\/periodicocentroccidente.com\/#website"},"primaryImageOfPage":{"@id":"https:\/\/periodicocentroccidente.com\/?p=2081#primaryimage"},"image":{"@id":"https:\/\/periodicocentroccidente.com\/?p=2081#primaryimage"},"thumbnailUrl":"https:\/\/periodicocentroccidente.com\/wp-content\/uploads\/2025\/05\/IMG-20250513-WA0635.jpg","datePublished":"2025-05-13T15:55:35+00:00","author":{"@id":"https:\/\/periodicocentroccidente.com\/#\/schema\/person\/f4e4a651098f3db198244657b7130e7e"},"breadcrumb":{"@id":"https:\/\/periodicocentroccidente.com\/?p=2081#breadcrumb"},"inLanguage":"es","potentialAction":[{"@type":"ReadAction","target":["https:\/\/periodicocentroccidente.com\/?p=2081"]}]},{"@type":"ImageObject","inLanguage":"es","@id":"https:\/\/periodicocentroccidente.com\/?p=2081#primaryimage","url":"https:\/\/periodicocentroccidente.com\/wp-content\/uploads\/2025\/05\/IMG-20250513-WA0635.jpg","contentUrl":"https:\/\/periodicocentroccidente.com\/wp-content\/uploads\/2025\/05\/IMG-20250513-WA0635.jpg","width":1600,"height":900},{"@type":"BreadcrumbList","@id":"https:\/\/periodicocentroccidente.com\/?p=2081#breadcrumb","itemListElement":[{"@type":"ListItem","position":1,"name":"Portada","item":"https:\/\/periodicocentroccidente.com\/"},{"@type":"ListItem","position":2,"name":"\u00a1Cuarenta y Cinco A\u00f1os de Sabor!"}]},{"@type":"WebSite","@id":"https:\/\/periodicocentroccidente.com\/#website","url":"https:\/\/periodicocentroccidente.com\/","name":"","description":"Periodismo serio y responsable","potentialAction":[{"@type":"SearchAction","target":{"@type":"EntryPoint","urlTemplate":"https:\/\/periodicocentroccidente.com\/?s={search_term_string}"},"query-input":{"@type":"PropertyValueSpecification","valueRequired":true,"valueName":"search_term_string"}}],"inLanguage":"es"},{"@type":"Person","@id":"https:\/\/periodicocentroccidente.com\/#\/schema\/person\/f4e4a651098f3db198244657b7130e7e","name":"Ricardo","image":{"@type":"ImageObject","inLanguage":"es","@id":"https:\/\/periodicocentroccidente.com\/#\/schema\/person\/image\/","url":"https:\/\/secure.gravatar.com\/avatar\/402e6137108ec0fdaa7809184382fb1dd2f8b00264c1d945d341f2b8f90db429?s=96&d=mm&r=g","contentUrl":"https:\/\/secure.gravatar.com\/avatar\/402e6137108ec0fdaa7809184382fb1dd2f8b00264c1d945d341f2b8f90db429?s=96&d=mm&r=g","caption":"Ricardo"},"url":"https:\/\/periodicocentroccidente.com\/?author=2"}]}},"jetpack_featured_media_url":"https:\/\/periodicocentroccidente.com\/wp-content\/uploads\/2025\/05\/IMG-20250513-WA0635.jpg","jetpack_sharing_enabled":true,"jetpack-related-posts":[],"_links":{"self":[{"href":"https:\/\/periodicocentroccidente.com\/index.php?rest_route=\/wp\/v2\/posts\/2081","targetHints":{"allow":["GET"]}}],"collection":[{"href":"https:\/\/periodicocentroccidente.com\/index.php?rest_route=\/wp\/v2\/posts"}],"about":[{"href":"https:\/\/periodicocentroccidente.com\/index.php?rest_route=\/wp\/v2\/types\/post"}],"author":[{"embeddable":true,"href":"https:\/\/periodicocentroccidente.com\/index.php?rest_route=\/wp\/v2\/users\/2"}],"replies":[{"embeddable":true,"href":"https:\/\/periodicocentroccidente.com\/index.php?rest_route=%2Fwp%2Fv2%2Fcomments&post=2081"}],"version-history":[{"count":1,"href":"https:\/\/periodicocentroccidente.com\/index.php?rest_route=\/wp\/v2\/posts\/2081\/revisions"}],"predecessor-version":[{"id":2083,"href":"https:\/\/periodicocentroccidente.com\/index.php?rest_route=\/wp\/v2\/posts\/2081\/revisions\/2083"}],"wp:featuredmedia":[{"embeddable":true,"href":"https:\/\/periodicocentroccidente.com\/index.php?rest_route=\/wp\/v2\/media\/2082"}],"wp:attachment":[{"href":"https:\/\/periodicocentroccidente.com\/index.php?rest_route=%2Fwp%2Fv2%2Fmedia&parent=2081"}],"wp:term":[{"taxonomy":"category","embeddable":true,"href":"https:\/\/periodicocentroccidente.com\/index.php?rest_route=%2Fwp%2Fv2%2Fcategories&post=2081"},{"taxonomy":"post_tag","embeddable":true,"href":"https:\/\/periodicocentroccidente.com\/index.php?rest_route=%2Fwp%2Fv2%2Ftags&post=2081"}],"curies":[{"name":"wp","href":"https:\/\/api.w.org\/{rel}","templated":true}]}}