{"id":1930,"date":"2025-05-05T15:54:57","date_gmt":"2025-05-05T15:54:57","guid":{"rendered":"https:\/\/periodicocentroccidente.com\/?p=1930"},"modified":"2025-05-05T15:54:57","modified_gmt":"2025-05-05T15:54:57","slug":"portuguesa-se-nutre-de-conocimientos-en-taller-de-direccion-orquestal","status":"publish","type":"post","link":"https:\/\/periodicocentroccidente.com\/?p=1930","title":{"rendered":"Portuguesa se nutre de conocimientos en taller de direcci\u00f3n orquestal"},"content":{"rendered":"<p>Jorveis Ortegano Valecillo \/<br \/>\nPrensa \u2013 El Sistema Portuguesa.-<\/p>\n<p>En el marco de las iniciativas pedag\u00f3gicas y formativas impulsadas por la Gerencia Estadal, liderada por la maestra Raquel Castillo, se llev\u00f3 a cabo el Taller B\u00e1sico de Direcci\u00f3n Orquestal. Esta enriquecedora jornada estuvo a cargo de Kleider Colmenares, director de orquestas de El Sistema en el estado Lara, quien comparti\u00f3 su experticia con formadores integrales acad\u00e9micos musicales de los programas Orquestal, Alma Llanera, Sim\u00f3n Bol\u00edvar y alumnos de El Sistema en Portuguesa.<\/p>\n<p>La sede del N\u00facleo Guanare sirvi\u00f3 de escenario para este importante encuentro, donde Colmenares ofreci\u00f3 a los asistentes valiosas herramientas sobre direcci\u00f3n y liderazgo dentro del contexto orquestal. Durante su visita a la entidad portuguese\u00f1a, el director invitado profundiz\u00f3 en aspectos cruciales para el desarrollo de los directores en formaci\u00f3n.<\/p>\n<div class=\"google-auto-placed ap_container\"><ins class=\"adsbygoogle adsbygoogle-noablate\" data-ad-format=\"auto\" data-ad-client=\"ca-pub-6479429672797421\" data-adsbygoogle-status=\"done\" data-ad-status=\"unfilled\"><\/p>\n<div id=\"aswift_2_host\"><iframe loading=\"lazy\" id=\"aswift_2\" tabindex=\"0\" title=\"Advertisement\" src=\"https:\/\/googleads.g.doubleclick.net\/pagead\/ads?client=ca-pub-6479429672797421&amp;output=html&amp;h=280&amp;adk=2186102223&amp;adf=3198698965&amp;pi=t.aa~a.1307298166~i.13~rp.1&amp;w=796&amp;abgtt=7&amp;fwrn=4&amp;fwrnh=100&amp;lmt=1746460303&amp;num_ads=1&amp;rafmt=1&amp;armr=3&amp;sem=mc&amp;pwprc=2310009722&amp;ad_type=text_image&amp;format=796x280&amp;url=https%3A%2F%2Fwww.diarioultimahoradigital.com.ve%2F2025%2F05%2F04%2Fportuguesa-se-nutre-de-conocimientos-en-taller-de-direccion-orquestal-para-docentes-y-estudiantes-de-el-sistema%2F&amp;host=ca-host-pub-2644536267352236&amp;fwr=0&amp;pra=3&amp;rh=199&amp;rw=795&amp;rpe=1&amp;resp_fmts=3&amp;wgl=1&amp;fa=27&amp;uach=WyJXaW5kb3dzIiwiMC4xLjAiLCJ4ODYiLCIiLCIxMDkuMC41NDE0LjEyMCIsbnVsbCwwLG51bGwsIjY0IixbWyJOb3RfQSBCcmFuZCIsIjk5LjAuMC4wIl0sWyJHb29nbGUgQ2hyb21lIiwiMTA5LjAuNTQxNC4xMjAiXSxbIkNocm9taXVtIiwiMTA5LjAuNTQxNC4xMjAiXV0sMF0.&amp;dt=1746460303742&amp;bpp=9&amp;bdt=5614&amp;idt=-M&amp;shv=r20250430&amp;mjsv=m202504290101&amp;ptt=9&amp;saldr=aa&amp;abxe=1&amp;cookie=ID%3Dcce326e6eeb63738%3AT%3D1739986883%3ART%3D1746460302%3AS%3DALNI_MaD54kqT5rPu_FS20h4I_jYCLhu_w&amp;gpic=UID%3D0000104b085b0952%3AT%3D1739986883%3ART%3D1746460302%3AS%3DALNI_MaWEgp4nR20XdQHu-O5orZ1t9PmAA&amp;eo_id_str=ID%3D81f2b299a1dc15f9%3AT%3D1739986883%3ART%3D1746460302%3AS%3DAA-AfjZlyQW_Qf_OxwOhxztJgBeW&amp;prev_fmts=0x0%2C1200x280&amp;nras=3&amp;correlator=2861311522270&amp;frm=20&amp;pv=1&amp;u_tz=-240&amp;u_his=8&amp;u_h=768&amp;u_w=1366&amp;u_ah=738&amp;u_aw=1366&amp;u_cd=24&amp;u_sd=1&amp;dmc=2&amp;adx=90&amp;ady=1737&amp;biw=1349&amp;bih=610&amp;scr_x=0&amp;scr_y=0&amp;eid=95358862%2C95358864%2C42532523%2C95354563%2C95354565%2C95358976%2C95359091%2C95359240%2C95344787%2C95359115&amp;oid=2&amp;pvsid=2961584127438254&amp;tmod=316001303&amp;uas=3&amp;nvt=3&amp;ref=https%3A%2F%2Fwww.diarioultimahoradigital.com.ve%2Fcategory%2Fregionales%2F&amp;fc=1408&amp;brdim=0%2C0%2C0%2C0%2C1366%2C0%2C1366%2C738%2C1366%2C610&amp;vis=1&amp;rsz=%7C%7Cs%7C&amp;abl=NS&amp;fu=128&amp;bc=31&amp;bz=1&amp;psd=W251bGwsbnVsbCxudWxsLDNd&amp;pgls=CAEaBTYuNi4y~CAEQBBoHMS4xMzcuMA..~CAEQBRoGMy4yNC42&amp;ifi=3&amp;uci=a!3&amp;btvi=1&amp;fsb=1&amp;dtd=66\" name=\"aswift_2\" width=\"796\" height=\"0\" frameborder=\"0\" marginwidth=\"0\" marginheight=\"0\" scrolling=\"no\" sandbox=\"allow-forms allow-popups allow-popups-to-escape-sandbox allow-same-origin allow-scripts allow-top-navigation-by-user-activation\" data-google-container-id=\"a!3\" aria-label=\"Advertisement\" data-google-query-id=\"CMzknNDXjI0DFdw8RAgdJckeJQ\" data-load-complete=\"true\" data-mce-fragment=\"1\"><\/iframe><\/div>\n<p><\/ins><\/div>\n<p>Entre los temas abordados destacaron los patrones de marcaci\u00f3n, fundamentales para la claridad r\u00edtmica; ejercicios pr\u00e1cticos para desarrollar la independencia de las manos, esencial para la expresi\u00f3n musical; estrategias efectivas para optimizar las din\u00e1micas de ensayo; t\u00e9cnicas precisas para dar entradas claras y oportunas; metodolog\u00edas para el abordaje integral de una partitura; y din\u00e1micas espec\u00edficas para trabajar con m\u00fasicos de diferentes edades y niveles de experiencia, tanto ni\u00f1os como adultos.<\/p>\n<p>La formadora del PSB en m\u00f3dulo escolar \u201cJos\u00e9 Antonio Abreu\u201d, Rut Azuaje, expres\u00f3 su satisfacci\u00f3n de recibir estos conocimientos que le permiten abordar de manera efectiva a los coros de la instituci\u00f3n educativa donde se desempe\u00f1a. \u201cEs muy valioso estas actividades, nos enriquecen y brindan herramientas para nuestra labor en la formaci\u00f3n musical y humana de ni\u00f1os y j\u00f3venes\u201d, destac\u00f3.<\/p>\n<div class=\"google-auto-placed ap_container\"><ins class=\"adsbygoogle adsbygoogle-noablate\" data-ad-format=\"auto\" data-ad-client=\"ca-pub-6479429672797421\" data-adsbygoogle-status=\"done\" data-ad-status=\"unfilled\"><\/p>\n<div id=\"aswift_3_host\"><iframe loading=\"lazy\" id=\"aswift_3\" tabindex=\"0\" title=\"Advertisement\" src=\"https:\/\/googleads.g.doubleclick.net\/pagead\/ads?client=ca-pub-6479429672797421&amp;output=html&amp;h=280&amp;adk=2186102223&amp;adf=4026359291&amp;pi=t.aa~a.1307298166~i.21~rp.1&amp;w=796&amp;abgtt=7&amp;fwrn=4&amp;fwrnh=100&amp;lmt=1746460303&amp;num_ads=1&amp;rafmt=1&amp;armr=3&amp;sem=mc&amp;pwprc=2310009722&amp;ad_type=text_image&amp;format=796x280&amp;url=https%3A%2F%2Fwww.diarioultimahoradigital.com.ve%2F2025%2F05%2F04%2Fportuguesa-se-nutre-de-conocimientos-en-taller-de-direccion-orquestal-para-docentes-y-estudiantes-de-el-sistema%2F&amp;host=ca-host-pub-2644536267352236&amp;fwr=0&amp;pra=3&amp;rh=199&amp;rw=795&amp;rpe=1&amp;resp_fmts=3&amp;wgl=1&amp;fa=27&amp;uach=WyJXaW5kb3dzIiwiMC4xLjAiLCJ4ODYiLCIiLCIxMDkuMC41NDE0LjEyMCIsbnVsbCwwLG51bGwsIjY0IixbWyJOb3RfQSBCcmFuZCIsIjk5LjAuMC4wIl0sWyJHb29nbGUgQ2hyb21lIiwiMTA5LjAuNTQxNC4xMjAiXSxbIkNocm9taXVtIiwiMTA5LjAuNTQxNC4xMjAiXV0sMF0.&amp;dt=1746460303742&amp;bpp=6&amp;bdt=5614&amp;idt=6&amp;shv=r20250430&amp;mjsv=m202504290101&amp;ptt=9&amp;saldr=aa&amp;abxe=1&amp;cookie=ID%3Dcce326e6eeb63738%3AT%3D1739986883%3ART%3D1746460302%3AS%3DALNI_MaD54kqT5rPu_FS20h4I_jYCLhu_w&amp;gpic=UID%3D0000104b085b0952%3AT%3D1739986883%3ART%3D1746460302%3AS%3DALNI_MaWEgp4nR20XdQHu-O5orZ1t9PmAA&amp;eo_id_str=ID%3D81f2b299a1dc15f9%3AT%3D1739986883%3ART%3D1746460302%3AS%3DAA-AfjZlyQW_Qf_OxwOhxztJgBeW&amp;prev_fmts=0x0%2C1200x280%2C796x280&amp;nras=4&amp;correlator=2861311522270&amp;frm=20&amp;pv=1&amp;u_tz=-240&amp;u_his=8&amp;u_h=768&amp;u_w=1366&amp;u_ah=738&amp;u_aw=1366&amp;u_cd=24&amp;u_sd=1&amp;dmc=2&amp;adx=90&amp;ady=2305&amp;biw=1349&amp;bih=610&amp;scr_x=0&amp;scr_y=0&amp;eid=95358862%2C95358864%2C42532523%2C95354563%2C95354565%2C95358976%2C95359091%2C95359240%2C95344787%2C95359115&amp;oid=2&amp;pvsid=2961584127438254&amp;tmod=316001303&amp;uas=3&amp;nvt=3&amp;ref=https%3A%2F%2Fwww.diarioultimahoradigital.com.ve%2Fcategory%2Fregionales%2F&amp;fc=1408&amp;brdim=0%2C0%2C0%2C0%2C1366%2C0%2C1366%2C738%2C1366%2C610&amp;vis=1&amp;rsz=%7C%7Cs%7C&amp;abl=NS&amp;fu=128&amp;bc=31&amp;bz=1&amp;psd=W251bGwsbnVsbCxudWxsLDNd&amp;pgls=CAEaBTYuNi4y~CAEQBBoHMS4xMzcuMA..~CAEQBRoGMy4yNC42&amp;ifi=4&amp;uci=a!4&amp;btvi=2&amp;fsb=1&amp;dtd=206\" name=\"aswift_3\" width=\"796\" height=\"0\" frameborder=\"0\" marginwidth=\"0\" marginheight=\"0\" scrolling=\"no\" sandbox=\"allow-forms allow-popups allow-popups-to-escape-sandbox allow-same-origin allow-scripts allow-top-navigation-by-user-activation\" data-google-container-id=\"a!4\" aria-label=\"Advertisement\" data-google-query-id=\"CJXjpNDXjI0DFSOI7gEdrjA9jw\" data-load-complete=\"true\" data-mce-fragment=\"1\"><\/iframe><\/div>\n<p><\/ins><\/div>\n<p>Por su parte, el director del N\u00facleo Guanare, Oscar Bejarano, resalt\u00f3 que es motivo de especial orgullo que Kleider sea un talento formado en las aulas del N\u00facleo Guanare, lo que a\u00f1ade un significado especial a sus aportes para el crecimiento musical y acad\u00e9mico del estado. \u201cSu generosidad y compromiso contribuyen significativamente al fortalecimiento de la labor pedag\u00f3gica de El Sistema en la regi\u00f3n\u201d, concluy\u00f3. \/\/<\/p>\n","protected":false},"excerpt":{"rendered":"<p>Jorveis Ortegano Valecillo \/ Prensa &ndash; El Sistema Portuguesa.- En el marco de las iniciativas pedag&oacute;gicas y formativas impulsadas por la Gerencia Estadal, liderada por la maestra Raquel Castillo, se llev&oacute; a cabo el Taller B&aacute;sico de Direcci&oacute;n Orquestal. Esta enriquecedora jornada estuvo a cargo de Kleider Colmenares, director de orquestas de El Sistema en &hellip;<\/p>\n","protected":false},"author":2,"featured_media":1931,"comment_status":"open","ping_status":"open","sticky":false,"template":"","format":"standard","meta":{"_jetpack_memberships_contains_paid_content":false,"footnotes":""},"categories":[127],"tags":[],"class_list":["post-1930","post","type-post","status-publish","format-standard","has-post-thumbnail","hentry","category-noticias-recientes"],"yoast_head":"<!-- This site is optimized with the Yoast SEO plugin v24.8.1 - https:\/\/yoast.com\/wordpress\/plugins\/seo\/ -->\n<title>Portuguesa se nutre de conocimientos en taller de direcci\u00f3n orquestal -<\/title>\n<meta name=\"robots\" content=\"index, follow, max-snippet:-1, max-image-preview:large, max-video-preview:-1\" \/>\n<link rel=\"canonical\" href=\"https:\/\/periodicocentroccidente.com\/?p=1930\" \/>\n<meta property=\"og:locale\" content=\"es_ES\" \/>\n<meta property=\"og:type\" content=\"article\" \/>\n<meta property=\"og:title\" content=\"Portuguesa se nutre de conocimientos en taller de direcci\u00f3n orquestal -\" \/>\n<meta property=\"og:description\" content=\"Jorveis Ortegano Valecillo \/ Prensa &ndash; El Sistema Portuguesa.- En el marco de las iniciativas pedag&oacute;gicas y formativas impulsadas por la Gerencia Estadal, liderada por la maestra Raquel Castillo, se llev&oacute; a cabo el Taller B&aacute;sico de Direcci&oacute;n Orquestal. Esta enriquecedora jornada estuvo a cargo de Kleider Colmenares, director de orquestas de El Sistema en &hellip;\" \/>\n<meta property=\"og:url\" content=\"https:\/\/periodicocentroccidente.com\/?p=1930\" \/>\n<meta property=\"article:published_time\" content=\"2025-05-05T15:54:57+00:00\" \/>\n<meta property=\"og:image\" content=\"https:\/\/periodicocentroccidente.com\/wp-content\/uploads\/2025\/05\/Screenshot_20250504_171232_Gmail.jpg\" \/>\n\t<meta property=\"og:image:width\" content=\"1080\" \/>\n\t<meta property=\"og:image:height\" content=\"838\" \/>\n\t<meta property=\"og:image:type\" content=\"image\/jpeg\" \/>\n<meta name=\"author\" content=\"Ricardo\" \/>\n<meta name=\"twitter:card\" content=\"summary_large_image\" \/>\n<meta name=\"twitter:label1\" content=\"Escrito por\" \/>\n\t<meta name=\"twitter:data1\" content=\"Ricardo\" \/>\n\t<meta name=\"twitter:label2\" content=\"Tiempo de lectura\" \/>\n\t<meta name=\"twitter:data2\" content=\"2 minutos\" \/>\n<script type=\"application\/ld+json\" class=\"yoast-schema-graph\">{\"@context\":\"https:\/\/schema.org\",\"@graph\":[{\"@type\":\"WebPage\",\"@id\":\"https:\/\/periodicocentroccidente.com\/?p=1930\",\"url\":\"https:\/\/periodicocentroccidente.com\/?p=1930\",\"name\":\"Portuguesa se nutre de conocimientos en taller de direcci\u00f3n orquestal -\",\"isPartOf\":{\"@id\":\"https:\/\/periodicocentroccidente.com\/#website\"},\"primaryImageOfPage\":{\"@id\":\"https:\/\/periodicocentroccidente.com\/?p=1930#primaryimage\"},\"image\":{\"@id\":\"https:\/\/periodicocentroccidente.com\/?p=1930#primaryimage\"},\"thumbnailUrl\":\"https:\/\/periodicocentroccidente.com\/wp-content\/uploads\/2025\/05\/Screenshot_20250504_171232_Gmail.jpg\",\"datePublished\":\"2025-05-05T15:54:57+00:00\",\"author\":{\"@id\":\"https:\/\/periodicocentroccidente.com\/#\/schema\/person\/f4e4a651098f3db198244657b7130e7e\"},\"breadcrumb\":{\"@id\":\"https:\/\/periodicocentroccidente.com\/?p=1930#breadcrumb\"},\"inLanguage\":\"es\",\"potentialAction\":[{\"@type\":\"ReadAction\",\"target\":[\"https:\/\/periodicocentroccidente.com\/?p=1930\"]}]},{\"@type\":\"ImageObject\",\"inLanguage\":\"es\",\"@id\":\"https:\/\/periodicocentroccidente.com\/?p=1930#primaryimage\",\"url\":\"https:\/\/periodicocentroccidente.com\/wp-content\/uploads\/2025\/05\/Screenshot_20250504_171232_Gmail.jpg\",\"contentUrl\":\"https:\/\/periodicocentroccidente.com\/wp-content\/uploads\/2025\/05\/Screenshot_20250504_171232_Gmail.jpg\",\"width\":1080,\"height\":838},{\"@type\":\"BreadcrumbList\",\"@id\":\"https:\/\/periodicocentroccidente.com\/?p=1930#breadcrumb\",\"itemListElement\":[{\"@type\":\"ListItem\",\"position\":1,\"name\":\"Portada\",\"item\":\"https:\/\/periodicocentroccidente.com\/\"},{\"@type\":\"ListItem\",\"position\":2,\"name\":\"Portuguesa se nutre de conocimientos en taller de direcci\u00f3n orquestal\"}]},{\"@type\":\"WebSite\",\"@id\":\"https:\/\/periodicocentroccidente.com\/#website\",\"url\":\"https:\/\/periodicocentroccidente.com\/\",\"name\":\"\",\"description\":\"Periodismo serio y responsable\",\"potentialAction\":[{\"@type\":\"SearchAction\",\"target\":{\"@type\":\"EntryPoint\",\"urlTemplate\":\"https:\/\/periodicocentroccidente.com\/?s={search_term_string}\"},\"query-input\":{\"@type\":\"PropertyValueSpecification\",\"valueRequired\":true,\"valueName\":\"search_term_string\"}}],\"inLanguage\":\"es\"},{\"@type\":\"Person\",\"@id\":\"https:\/\/periodicocentroccidente.com\/#\/schema\/person\/f4e4a651098f3db198244657b7130e7e\",\"name\":\"Ricardo\",\"image\":{\"@type\":\"ImageObject\",\"inLanguage\":\"es\",\"@id\":\"https:\/\/periodicocentroccidente.com\/#\/schema\/person\/image\/\",\"url\":\"https:\/\/secure.gravatar.com\/avatar\/402e6137108ec0fdaa7809184382fb1dd2f8b00264c1d945d341f2b8f90db429?s=96&d=mm&r=g\",\"contentUrl\":\"https:\/\/secure.gravatar.com\/avatar\/402e6137108ec0fdaa7809184382fb1dd2f8b00264c1d945d341f2b8f90db429?s=96&d=mm&r=g\",\"caption\":\"Ricardo\"},\"url\":\"https:\/\/periodicocentroccidente.com\/?author=2\"}]}<\/script>\n<!-- \/ Yoast SEO plugin. -->","yoast_head_json":{"title":"Portuguesa se nutre de conocimientos en taller de direcci\u00f3n orquestal -","robots":{"index":"index","follow":"follow","max-snippet":"max-snippet:-1","max-image-preview":"max-image-preview:large","max-video-preview":"max-video-preview:-1"},"canonical":"https:\/\/periodicocentroccidente.com\/?p=1930","og_locale":"es_ES","og_type":"article","og_title":"Portuguesa se nutre de conocimientos en taller de direcci\u00f3n orquestal -","og_description":"Jorveis Ortegano Valecillo \/ Prensa &ndash; El Sistema Portuguesa.- En el marco de las iniciativas pedag&oacute;gicas y formativas impulsadas por la Gerencia Estadal, liderada por la maestra Raquel Castillo, se llev&oacute; a cabo el Taller B&aacute;sico de Direcci&oacute;n Orquestal. Esta enriquecedora jornada estuvo a cargo de Kleider Colmenares, director de orquestas de El Sistema en &hellip;","og_url":"https:\/\/periodicocentroccidente.com\/?p=1930","article_published_time":"2025-05-05T15:54:57+00:00","og_image":[{"width":1080,"height":838,"url":"https:\/\/periodicocentroccidente.com\/wp-content\/uploads\/2025\/05\/Screenshot_20250504_171232_Gmail.jpg","type":"image\/jpeg"}],"author":"Ricardo","twitter_card":"summary_large_image","twitter_misc":{"Escrito por":"Ricardo","Tiempo de lectura":"2 minutos"},"schema":{"@context":"https:\/\/schema.org","@graph":[{"@type":"WebPage","@id":"https:\/\/periodicocentroccidente.com\/?p=1930","url":"https:\/\/periodicocentroccidente.com\/?p=1930","name":"Portuguesa se nutre de conocimientos en taller de direcci\u00f3n orquestal -","isPartOf":{"@id":"https:\/\/periodicocentroccidente.com\/#website"},"primaryImageOfPage":{"@id":"https:\/\/periodicocentroccidente.com\/?p=1930#primaryimage"},"image":{"@id":"https:\/\/periodicocentroccidente.com\/?p=1930#primaryimage"},"thumbnailUrl":"https:\/\/periodicocentroccidente.com\/wp-content\/uploads\/2025\/05\/Screenshot_20250504_171232_Gmail.jpg","datePublished":"2025-05-05T15:54:57+00:00","author":{"@id":"https:\/\/periodicocentroccidente.com\/#\/schema\/person\/f4e4a651098f3db198244657b7130e7e"},"breadcrumb":{"@id":"https:\/\/periodicocentroccidente.com\/?p=1930#breadcrumb"},"inLanguage":"es","potentialAction":[{"@type":"ReadAction","target":["https:\/\/periodicocentroccidente.com\/?p=1930"]}]},{"@type":"ImageObject","inLanguage":"es","@id":"https:\/\/periodicocentroccidente.com\/?p=1930#primaryimage","url":"https:\/\/periodicocentroccidente.com\/wp-content\/uploads\/2025\/05\/Screenshot_20250504_171232_Gmail.jpg","contentUrl":"https:\/\/periodicocentroccidente.com\/wp-content\/uploads\/2025\/05\/Screenshot_20250504_171232_Gmail.jpg","width":1080,"height":838},{"@type":"BreadcrumbList","@id":"https:\/\/periodicocentroccidente.com\/?p=1930#breadcrumb","itemListElement":[{"@type":"ListItem","position":1,"name":"Portada","item":"https:\/\/periodicocentroccidente.com\/"},{"@type":"ListItem","position":2,"name":"Portuguesa se nutre de conocimientos en taller de direcci\u00f3n orquestal"}]},{"@type":"WebSite","@id":"https:\/\/periodicocentroccidente.com\/#website","url":"https:\/\/periodicocentroccidente.com\/","name":"","description":"Periodismo serio y responsable","potentialAction":[{"@type":"SearchAction","target":{"@type":"EntryPoint","urlTemplate":"https:\/\/periodicocentroccidente.com\/?s={search_term_string}"},"query-input":{"@type":"PropertyValueSpecification","valueRequired":true,"valueName":"search_term_string"}}],"inLanguage":"es"},{"@type":"Person","@id":"https:\/\/periodicocentroccidente.com\/#\/schema\/person\/f4e4a651098f3db198244657b7130e7e","name":"Ricardo","image":{"@type":"ImageObject","inLanguage":"es","@id":"https:\/\/periodicocentroccidente.com\/#\/schema\/person\/image\/","url":"https:\/\/secure.gravatar.com\/avatar\/402e6137108ec0fdaa7809184382fb1dd2f8b00264c1d945d341f2b8f90db429?s=96&d=mm&r=g","contentUrl":"https:\/\/secure.gravatar.com\/avatar\/402e6137108ec0fdaa7809184382fb1dd2f8b00264c1d945d341f2b8f90db429?s=96&d=mm&r=g","caption":"Ricardo"},"url":"https:\/\/periodicocentroccidente.com\/?author=2"}]}},"jetpack_featured_media_url":"https:\/\/periodicocentroccidente.com\/wp-content\/uploads\/2025\/05\/Screenshot_20250504_171232_Gmail.jpg","jetpack_sharing_enabled":true,"jetpack-related-posts":[],"_links":{"self":[{"href":"https:\/\/periodicocentroccidente.com\/index.php?rest_route=\/wp\/v2\/posts\/1930","targetHints":{"allow":["GET"]}}],"collection":[{"href":"https:\/\/periodicocentroccidente.com\/index.php?rest_route=\/wp\/v2\/posts"}],"about":[{"href":"https:\/\/periodicocentroccidente.com\/index.php?rest_route=\/wp\/v2\/types\/post"}],"author":[{"embeddable":true,"href":"https:\/\/periodicocentroccidente.com\/index.php?rest_route=\/wp\/v2\/users\/2"}],"replies":[{"embeddable":true,"href":"https:\/\/periodicocentroccidente.com\/index.php?rest_route=%2Fwp%2Fv2%2Fcomments&post=1930"}],"version-history":[{"count":1,"href":"https:\/\/periodicocentroccidente.com\/index.php?rest_route=\/wp\/v2\/posts\/1930\/revisions"}],"predecessor-version":[{"id":1932,"href":"https:\/\/periodicocentroccidente.com\/index.php?rest_route=\/wp\/v2\/posts\/1930\/revisions\/1932"}],"wp:featuredmedia":[{"embeddable":true,"href":"https:\/\/periodicocentroccidente.com\/index.php?rest_route=\/wp\/v2\/media\/1931"}],"wp:attachment":[{"href":"https:\/\/periodicocentroccidente.com\/index.php?rest_route=%2Fwp%2Fv2%2Fmedia&parent=1930"}],"wp:term":[{"taxonomy":"category","embeddable":true,"href":"https:\/\/periodicocentroccidente.com\/index.php?rest_route=%2Fwp%2Fv2%2Fcategories&post=1930"},{"taxonomy":"post_tag","embeddable":true,"href":"https:\/\/periodicocentroccidente.com\/index.php?rest_route=%2Fwp%2Fv2%2Ftags&post=1930"}],"curies":[{"name":"wp","href":"https:\/\/api.w.org\/{rel}","templated":true}]}}