{"id":1897,"date":"2025-05-01T19:03:58","date_gmt":"2025-05-01T19:03:58","guid":{"rendered":"https:\/\/periodicocentroccidente.com\/?p=1897"},"modified":"2025-05-01T19:03:58","modified_gmt":"2025-05-01T19:03:58","slug":"barquisimeto-sera-sede-del-ii-torneo-deportivo-de-los-colegios-de-la-congregacion-de-la-mision-e-hijas-de-la-caridad","status":"publish","type":"post","link":"https:\/\/periodicocentroccidente.com\/?p=1897","title":{"rendered":"Barquisimeto ser\u00e1 sede del II Torneo Deportivo de los Colegios de la Congregaci\u00f3n de la Misi\u00f3n e Hijas de la Caridad"},"content":{"rendered":"<div dir=\"auto\">lapuracrema.net \u2013 El Colegio San Vicente de Paul de Barquisimeto ser\u00e1 la sede anfitriona II Torneo Deportivo de los Colegios de la Congregaci\u00f3n de la Misi\u00f3n e Hijas de la Caridad. Este significativo evento se enmarca en la celebraci\u00f3n del 400 Aniversario de la fundaci\u00f3n de la Congregaci\u00f3n de la Misi\u00f3n.<\/div>\n<div dir=\"auto\">El II Torneo Deportivo de los Colegios de la Congregaci\u00f3n de la Misi\u00f3n e Hijas de la Caridad reunir\u00e1 a atletas en diversas disciplinas deportivas y participar\u00e1n delegaciones de atletas provenientes de Maiquet\u00eda, Caracas, Maracaibo y Sanare, quienes demostrar\u00e1n su talento y esp\u00edritu deportivo. La jornada deportiva oficial se llevar\u00e1 a cabo el d\u00eda s\u00e1bado 03 de mayo, desde la ceremonia de apertura a las 8:00 am hasta el cierre de los juegos a las 6:00 pm.<\/div>\n<div dir=\"auto\">Las delegaciones deportivas provenientes de diversos estados del pa\u00eds arribar\u00e1n a la ciudad crepuscular el d\u00eda viernes, en donde ser\u00e1n recibidos y atendidos con el protocolo y carisma propios de la gran familia vicentina, correspondientes para la ocasi\u00f3n en la sede del colegio anfitri\u00f3n.<\/div>\n<div dir=\"auto\">La Unidad Educativa Colegio San Vicente de Pa\u00fal, ubicada en la Av. Lara entre Av. Los Leones y Argimiro Bracamonte del este, Barquisimeto, Estado Lara, como sede anfitriona se ha preparado para que este emocionante encuentro deportivo sea formidable. Siendo propicia la ocasi\u00f3n para reconocer el esfuerzo de la comunidad vicentina de Barquisimeto, incluyendo directivos, personal docente, estudiantes, padres y representantes, as\u00ed como tambi\u00e9n a los patrocinantes que apoyan esta actividad. Estos equipos multidisciplinarios se han organizado en diversas comisiones para garantizar que todo funcione con mucho agrado para todos.<\/div>\n<div dir=\"auto\">Este torneo se realiza en el marco de la celebraci\u00f3n de los 400 a\u00f1os de la fundaci\u00f3n de la Congregaci\u00f3n de la Misi\u00f3n, buscando fomentar la sana competencia, el compa\u00f1erismo y los valores vicentinos entre los estudiantes de los diferentes colegios de la congregaci\u00f3n. La comunidad anfitriona ha trabajado arduamente para crear un ambiente acogedor y familiar, con el objetivo de que cada uno de los invitados se sienta como en casa.<\/div>\n<div dir=\"auto\">\u00abEl deporte es una oportunidad invaluable para crecer, aprender y superarse a uno mismo\u00bb, expres\u00f3 un representante de la comunidad vicentina. \u00abEstos juegos son una ocasi\u00f3n para fortalecer los lazos de amistad, fomentar el respeto y cultivar los valores que nos identifican como comunidad vicentina\u00bb.<\/div>\n<div dir=\"auto\">Colegio San Vicente de Pa\u00fal, instituci\u00f3n con 72 a\u00f1os de trayectoria dedicada a la formaci\u00f3n integral y la promoci\u00f3n de valores, se complace en recibir a propios y visitantes en este importante encuentro. Se espera una jornada llena de emoci\u00f3n y sana competencia, donde los atletas tendr\u00e1n la oportunidad de mostrar sus habilidades y fortalecer los lazos de hermandad que unen los atletas propios y visitantes.<\/div>\n","protected":false},"excerpt":{"rendered":"<p>lapuracrema.net &ndash; El Colegio San Vicente de Paul de Barquisimeto ser&aacute; la sede anfitriona II Torneo Deportivo de los Colegios de la Congregaci&oacute;n de la Misi&oacute;n e Hijas de la Caridad. Este significativo evento se enmarca en la celebraci&oacute;n del 400 Aniversario de la fundaci&oacute;n de la Congregaci&oacute;n de la Misi&oacute;n. El II Torneo Deportivo &hellip;<\/p>\n","protected":false},"author":2,"featured_media":1898,"comment_status":"open","ping_status":"open","sticky":false,"template":"","format":"standard","meta":{"_jetpack_memberships_contains_paid_content":false,"footnotes":""},"categories":[127],"tags":[],"class_list":["post-1897","post","type-post","status-publish","format-standard","has-post-thumbnail","hentry","category-noticias-recientes"],"yoast_head":"<!-- This site is optimized with the Yoast SEO plugin v24.8.1 - https:\/\/yoast.com\/wordpress\/plugins\/seo\/ -->\n<title>Barquisimeto ser\u00e1 sede del II Torneo Deportivo de los Colegios de la Congregaci\u00f3n de la Misi\u00f3n e Hijas de la Caridad -<\/title>\n<meta name=\"robots\" content=\"index, follow, max-snippet:-1, max-image-preview:large, max-video-preview:-1\" \/>\n<link rel=\"canonical\" href=\"https:\/\/periodicocentroccidente.com\/?p=1897\" \/>\n<meta property=\"og:locale\" content=\"es_ES\" \/>\n<meta property=\"og:type\" content=\"article\" \/>\n<meta property=\"og:title\" content=\"Barquisimeto ser\u00e1 sede del II Torneo Deportivo de los Colegios de la Congregaci\u00f3n de la Misi\u00f3n e Hijas de la Caridad -\" \/>\n<meta property=\"og:description\" content=\"lapuracrema.net &ndash; El Colegio San Vicente de Paul de Barquisimeto ser&aacute; la sede anfitriona II Torneo Deportivo de los Colegios de la Congregaci&oacute;n de la Misi&oacute;n e Hijas de la Caridad. Este significativo evento se enmarca en la celebraci&oacute;n del 400 Aniversario de la fundaci&oacute;n de la Congregaci&oacute;n de la Misi&oacute;n. El II Torneo Deportivo &hellip;\" \/>\n<meta property=\"og:url\" content=\"https:\/\/periodicocentroccidente.com\/?p=1897\" \/>\n<meta property=\"article:published_time\" content=\"2025-05-01T19:03:58+00:00\" \/>\n<meta property=\"og:image\" content=\"https:\/\/periodicocentroccidente.com\/wp-content\/uploads\/2025\/05\/IMG-20250501-WA0284.jpg\" \/>\n\t<meta property=\"og:image:width\" content=\"517\" \/>\n\t<meta property=\"og:image:height\" content=\"242\" \/>\n\t<meta property=\"og:image:type\" content=\"image\/jpeg\" \/>\n<meta name=\"author\" content=\"Ricardo\" \/>\n<meta name=\"twitter:card\" content=\"summary_large_image\" \/>\n<meta name=\"twitter:label1\" content=\"Escrito por\" \/>\n\t<meta name=\"twitter:data1\" content=\"Ricardo\" \/>\n\t<meta name=\"twitter:label2\" content=\"Tiempo de lectura\" \/>\n\t<meta name=\"twitter:data2\" content=\"3 minutos\" \/>\n<script type=\"application\/ld+json\" class=\"yoast-schema-graph\">{\"@context\":\"https:\/\/schema.org\",\"@graph\":[{\"@type\":\"WebPage\",\"@id\":\"https:\/\/periodicocentroccidente.com\/?p=1897\",\"url\":\"https:\/\/periodicocentroccidente.com\/?p=1897\",\"name\":\"Barquisimeto ser\u00e1 sede del II Torneo Deportivo de los Colegios de la Congregaci\u00f3n de la Misi\u00f3n e Hijas de la Caridad -\",\"isPartOf\":{\"@id\":\"https:\/\/periodicocentroccidente.com\/#website\"},\"primaryImageOfPage\":{\"@id\":\"https:\/\/periodicocentroccidente.com\/?p=1897#primaryimage\"},\"image\":{\"@id\":\"https:\/\/periodicocentroccidente.com\/?p=1897#primaryimage\"},\"thumbnailUrl\":\"https:\/\/periodicocentroccidente.com\/wp-content\/uploads\/2025\/05\/IMG-20250501-WA0284.jpg\",\"datePublished\":\"2025-05-01T19:03:58+00:00\",\"author\":{\"@id\":\"https:\/\/periodicocentroccidente.com\/#\/schema\/person\/f4e4a651098f3db198244657b7130e7e\"},\"breadcrumb\":{\"@id\":\"https:\/\/periodicocentroccidente.com\/?p=1897#breadcrumb\"},\"inLanguage\":\"es\",\"potentialAction\":[{\"@type\":\"ReadAction\",\"target\":[\"https:\/\/periodicocentroccidente.com\/?p=1897\"]}]},{\"@type\":\"ImageObject\",\"inLanguage\":\"es\",\"@id\":\"https:\/\/periodicocentroccidente.com\/?p=1897#primaryimage\",\"url\":\"https:\/\/periodicocentroccidente.com\/wp-content\/uploads\/2025\/05\/IMG-20250501-WA0284.jpg\",\"contentUrl\":\"https:\/\/periodicocentroccidente.com\/wp-content\/uploads\/2025\/05\/IMG-20250501-WA0284.jpg\",\"width\":517,\"height\":242},{\"@type\":\"BreadcrumbList\",\"@id\":\"https:\/\/periodicocentroccidente.com\/?p=1897#breadcrumb\",\"itemListElement\":[{\"@type\":\"ListItem\",\"position\":1,\"name\":\"Portada\",\"item\":\"https:\/\/periodicocentroccidente.com\/\"},{\"@type\":\"ListItem\",\"position\":2,\"name\":\"Barquisimeto ser\u00e1 sede del II Torneo Deportivo de los Colegios de la Congregaci\u00f3n de la Misi\u00f3n e Hijas de la Caridad\"}]},{\"@type\":\"WebSite\",\"@id\":\"https:\/\/periodicocentroccidente.com\/#website\",\"url\":\"https:\/\/periodicocentroccidente.com\/\",\"name\":\"\",\"description\":\"Periodismo serio y responsable\",\"potentialAction\":[{\"@type\":\"SearchAction\",\"target\":{\"@type\":\"EntryPoint\",\"urlTemplate\":\"https:\/\/periodicocentroccidente.com\/?s={search_term_string}\"},\"query-input\":{\"@type\":\"PropertyValueSpecification\",\"valueRequired\":true,\"valueName\":\"search_term_string\"}}],\"inLanguage\":\"es\"},{\"@type\":\"Person\",\"@id\":\"https:\/\/periodicocentroccidente.com\/#\/schema\/person\/f4e4a651098f3db198244657b7130e7e\",\"name\":\"Ricardo\",\"image\":{\"@type\":\"ImageObject\",\"inLanguage\":\"es\",\"@id\":\"https:\/\/periodicocentroccidente.com\/#\/schema\/person\/image\/\",\"url\":\"https:\/\/secure.gravatar.com\/avatar\/402e6137108ec0fdaa7809184382fb1dd2f8b00264c1d945d341f2b8f90db429?s=96&d=mm&r=g\",\"contentUrl\":\"https:\/\/secure.gravatar.com\/avatar\/402e6137108ec0fdaa7809184382fb1dd2f8b00264c1d945d341f2b8f90db429?s=96&d=mm&r=g\",\"caption\":\"Ricardo\"},\"url\":\"https:\/\/periodicocentroccidente.com\/?author=2\"}]}<\/script>\n<!-- \/ Yoast SEO plugin. -->","yoast_head_json":{"title":"Barquisimeto ser\u00e1 sede del II Torneo Deportivo de los Colegios de la Congregaci\u00f3n de la Misi\u00f3n e Hijas de la Caridad -","robots":{"index":"index","follow":"follow","max-snippet":"max-snippet:-1","max-image-preview":"max-image-preview:large","max-video-preview":"max-video-preview:-1"},"canonical":"https:\/\/periodicocentroccidente.com\/?p=1897","og_locale":"es_ES","og_type":"article","og_title":"Barquisimeto ser\u00e1 sede del II Torneo Deportivo de los Colegios de la Congregaci\u00f3n de la Misi\u00f3n e Hijas de la Caridad -","og_description":"lapuracrema.net &ndash; El Colegio San Vicente de Paul de Barquisimeto ser&aacute; la sede anfitriona II Torneo Deportivo de los Colegios de la Congregaci&oacute;n de la Misi&oacute;n e Hijas de la Caridad. Este significativo evento se enmarca en la celebraci&oacute;n del 400 Aniversario de la fundaci&oacute;n de la Congregaci&oacute;n de la Misi&oacute;n. El II Torneo Deportivo &hellip;","og_url":"https:\/\/periodicocentroccidente.com\/?p=1897","article_published_time":"2025-05-01T19:03:58+00:00","og_image":[{"width":517,"height":242,"url":"https:\/\/periodicocentroccidente.com\/wp-content\/uploads\/2025\/05\/IMG-20250501-WA0284.jpg","type":"image\/jpeg"}],"author":"Ricardo","twitter_card":"summary_large_image","twitter_misc":{"Escrito por":"Ricardo","Tiempo de lectura":"3 minutos"},"schema":{"@context":"https:\/\/schema.org","@graph":[{"@type":"WebPage","@id":"https:\/\/periodicocentroccidente.com\/?p=1897","url":"https:\/\/periodicocentroccidente.com\/?p=1897","name":"Barquisimeto ser\u00e1 sede del II Torneo Deportivo de los Colegios de la Congregaci\u00f3n de la Misi\u00f3n e Hijas de la Caridad -","isPartOf":{"@id":"https:\/\/periodicocentroccidente.com\/#website"},"primaryImageOfPage":{"@id":"https:\/\/periodicocentroccidente.com\/?p=1897#primaryimage"},"image":{"@id":"https:\/\/periodicocentroccidente.com\/?p=1897#primaryimage"},"thumbnailUrl":"https:\/\/periodicocentroccidente.com\/wp-content\/uploads\/2025\/05\/IMG-20250501-WA0284.jpg","datePublished":"2025-05-01T19:03:58+00:00","author":{"@id":"https:\/\/periodicocentroccidente.com\/#\/schema\/person\/f4e4a651098f3db198244657b7130e7e"},"breadcrumb":{"@id":"https:\/\/periodicocentroccidente.com\/?p=1897#breadcrumb"},"inLanguage":"es","potentialAction":[{"@type":"ReadAction","target":["https:\/\/periodicocentroccidente.com\/?p=1897"]}]},{"@type":"ImageObject","inLanguage":"es","@id":"https:\/\/periodicocentroccidente.com\/?p=1897#primaryimage","url":"https:\/\/periodicocentroccidente.com\/wp-content\/uploads\/2025\/05\/IMG-20250501-WA0284.jpg","contentUrl":"https:\/\/periodicocentroccidente.com\/wp-content\/uploads\/2025\/05\/IMG-20250501-WA0284.jpg","width":517,"height":242},{"@type":"BreadcrumbList","@id":"https:\/\/periodicocentroccidente.com\/?p=1897#breadcrumb","itemListElement":[{"@type":"ListItem","position":1,"name":"Portada","item":"https:\/\/periodicocentroccidente.com\/"},{"@type":"ListItem","position":2,"name":"Barquisimeto ser\u00e1 sede del II Torneo Deportivo de los Colegios de la Congregaci\u00f3n de la Misi\u00f3n e Hijas de la Caridad"}]},{"@type":"WebSite","@id":"https:\/\/periodicocentroccidente.com\/#website","url":"https:\/\/periodicocentroccidente.com\/","name":"","description":"Periodismo serio y responsable","potentialAction":[{"@type":"SearchAction","target":{"@type":"EntryPoint","urlTemplate":"https:\/\/periodicocentroccidente.com\/?s={search_term_string}"},"query-input":{"@type":"PropertyValueSpecification","valueRequired":true,"valueName":"search_term_string"}}],"inLanguage":"es"},{"@type":"Person","@id":"https:\/\/periodicocentroccidente.com\/#\/schema\/person\/f4e4a651098f3db198244657b7130e7e","name":"Ricardo","image":{"@type":"ImageObject","inLanguage":"es","@id":"https:\/\/periodicocentroccidente.com\/#\/schema\/person\/image\/","url":"https:\/\/secure.gravatar.com\/avatar\/402e6137108ec0fdaa7809184382fb1dd2f8b00264c1d945d341f2b8f90db429?s=96&d=mm&r=g","contentUrl":"https:\/\/secure.gravatar.com\/avatar\/402e6137108ec0fdaa7809184382fb1dd2f8b00264c1d945d341f2b8f90db429?s=96&d=mm&r=g","caption":"Ricardo"},"url":"https:\/\/periodicocentroccidente.com\/?author=2"}]}},"jetpack_featured_media_url":"https:\/\/periodicocentroccidente.com\/wp-content\/uploads\/2025\/05\/IMG-20250501-WA0284.jpg","jetpack_sharing_enabled":true,"jetpack-related-posts":[],"_links":{"self":[{"href":"https:\/\/periodicocentroccidente.com\/index.php?rest_route=\/wp\/v2\/posts\/1897","targetHints":{"allow":["GET"]}}],"collection":[{"href":"https:\/\/periodicocentroccidente.com\/index.php?rest_route=\/wp\/v2\/posts"}],"about":[{"href":"https:\/\/periodicocentroccidente.com\/index.php?rest_route=\/wp\/v2\/types\/post"}],"author":[{"embeddable":true,"href":"https:\/\/periodicocentroccidente.com\/index.php?rest_route=\/wp\/v2\/users\/2"}],"replies":[{"embeddable":true,"href":"https:\/\/periodicocentroccidente.com\/index.php?rest_route=%2Fwp%2Fv2%2Fcomments&post=1897"}],"version-history":[{"count":1,"href":"https:\/\/periodicocentroccidente.com\/index.php?rest_route=\/wp\/v2\/posts\/1897\/revisions"}],"predecessor-version":[{"id":1899,"href":"https:\/\/periodicocentroccidente.com\/index.php?rest_route=\/wp\/v2\/posts\/1897\/revisions\/1899"}],"wp:featuredmedia":[{"embeddable":true,"href":"https:\/\/periodicocentroccidente.com\/index.php?rest_route=\/wp\/v2\/media\/1898"}],"wp:attachment":[{"href":"https:\/\/periodicocentroccidente.com\/index.php?rest_route=%2Fwp%2Fv2%2Fmedia&parent=1897"}],"wp:term":[{"taxonomy":"category","embeddable":true,"href":"https:\/\/periodicocentroccidente.com\/index.php?rest_route=%2Fwp%2Fv2%2Fcategories&post=1897"},{"taxonomy":"post_tag","embeddable":true,"href":"https:\/\/periodicocentroccidente.com\/index.php?rest_route=%2Fwp%2Fv2%2Ftags&post=1897"}],"curies":[{"name":"wp","href":"https:\/\/api.w.org\/{rel}","templated":true}]}}