{"id":1859,"date":"2025-04-28T18:25:15","date_gmt":"2025-04-28T18:25:15","guid":{"rendered":"https:\/\/periodicocentroccidente.com\/?p=1859"},"modified":"2025-04-28T18:25:15","modified_gmt":"2025-04-28T18:25:15","slug":"maduro-presupuesto-de-la-nacion-para-2025-esta-al-servicio-de-las-comunidades","status":"publish","type":"post","link":"https:\/\/periodicocentroccidente.com\/?p=1859","title":{"rendered":"Maduro: presupuesto de la naci\u00f3n para 2025 est\u00e1 al servicio de las comunidades"},"content":{"rendered":"<p>En este a\u00f1o 2025, por primera vez en la historia de Venezuela, el presupuesto de la naci\u00f3n est\u00e1 al servicio de la democracia directa y de las comunidades, asegur\u00f3 el presidente de la Rep\u00fablica, Nicol\u00e1s Maduro.<\/p>\n<p>\u00abVa haber m\u00e1s y mejores recursos para los proyectos que se desarrollen desde las Agendas Concretas de Acci\u00f3n (ACA). La mejor inversi\u00f3n que se puede hacer con el presupuesto de la naci\u00f3n, el Consejo Federal de Gobierno y ahora con los presupuestos de las gobernaciones es en las ACA\u00bb, asegur\u00f3 el Presidente al tiempo que se\u00f1al\u00f3 que este lunes har\u00e1 una serie de anuncios en este sentido.<\/p>\n<p>De igual manera, durante un contacto telef\u00f3nico con Venezolana de Televisi\u00f3n (VTV), el Presidente asegur\u00f3 que bajo esta modalidad de Gobierno, las comunidades han comenzado a construir su cartograf\u00eda social y su \u00abmapa de sue\u00f1o\u00bb sobre como quieren que sea su comunidad en los pr\u00f3ximos a\u00f1os.<\/p>\n<p>\u00abLo que estamos construyendo es bello, es emocionante. Este proyecto lo construy\u00f3 Ch\u00e1vez, el gran democratizador de la vida republicana de Venezuela\u00bb, asegur\u00f3.<\/p>\n<h2 class=\"wp-block-heading\">Democracia directa<\/h2>\n<p>Por otra parte, el Jefe de Estado resalt\u00f3 la democracia directa que se vive en Venezuela y conmin\u00f3 a mandatarios de otros pa\u00edses a poner en pr\u00e1ctica un modelo tan efectivo como el nuestro.<\/p>\n<p>\u00abEn el mundo, bandidos como Bukele dicen que en Venezuela hay una dictadura. Que se atreva \u00e9l a tener en su pa\u00eds una democracia directa como la nuestra para que vea que no dura dos d\u00edas\u00bb, asegur\u00f3 Maduro parafraseando declaraciones ofrecidas por una votante en medio de la jornada electoral de este 27 de abril.<\/p>\n<p>De igual manera, se\u00f1al\u00f3 que en Venezuela no existe una dictadura, como insiste la ultraderecha, sino un pueblo empoderado, en lo social, econ\u00f3mico, en lo pol\u00edtico.<\/p>\n<p>\u00abCon las Consultas Populares podemos decir que en Venezuela ya lleg\u00f3 el futuro, el futuro tiene cara de pueblo\u00bb, se\u00f1al\u00f3.<\/p>\n<p>GUSTAVO RANGEL.- ULTIMAS NOTICIAS<\/p>\n","protected":false},"excerpt":{"rendered":"<p>En este a&ntilde;o 2025, por primera vez en la historia de Venezuela, el presupuesto de la naci&oacute;n est&aacute; al servicio de la democracia directa y de las comunidades, asegur&oacute; el presidente de la Rep&uacute;blica, Nicol&aacute;s Maduro. &laquo;Va haber m&aacute;s y mejores recursos para los proyectos que se desarrollen desde las Agendas Concretas de Acci&oacute;n (ACA). &hellip;<\/p>\n","protected":false},"author":2,"featured_media":1860,"comment_status":"open","ping_status":"open","sticky":false,"template":"","format":"standard","meta":{"_jetpack_memberships_contains_paid_content":false,"footnotes":""},"categories":[127],"tags":[],"class_list":["post-1859","post","type-post","status-publish","format-standard","has-post-thumbnail","hentry","category-noticias-recientes"],"yoast_head":"<!-- This site is optimized with the Yoast SEO plugin v24.8.1 - https:\/\/yoast.com\/wordpress\/plugins\/seo\/ -->\n<title>Maduro: presupuesto de la naci\u00f3n para 2025 est\u00e1 al servicio de las comunidades -<\/title>\n<meta name=\"robots\" content=\"index, follow, max-snippet:-1, max-image-preview:large, max-video-preview:-1\" \/>\n<link rel=\"canonical\" href=\"https:\/\/periodicocentroccidente.com\/?p=1859\" \/>\n<meta property=\"og:locale\" content=\"es_ES\" \/>\n<meta property=\"og:type\" content=\"article\" \/>\n<meta property=\"og:title\" content=\"Maduro: presupuesto de la naci\u00f3n para 2025 est\u00e1 al servicio de las comunidades -\" \/>\n<meta property=\"og:description\" content=\"En este a&ntilde;o 2025, por primera vez en la historia de Venezuela, el presupuesto de la naci&oacute;n est&aacute; al servicio de la democracia directa y de las comunidades, asegur&oacute; el presidente de la Rep&uacute;blica, Nicol&aacute;s Maduro. &laquo;Va haber m&aacute;s y mejores recursos para los proyectos que se desarrollen desde las Agendas Concretas de Acci&oacute;n (ACA). &hellip;\" \/>\n<meta property=\"og:url\" content=\"https:\/\/periodicocentroccidente.com\/?p=1859\" \/>\n<meta property=\"article:published_time\" content=\"2025-04-28T18:25:15+00:00\" \/>\n<meta property=\"og:image\" content=\"https:\/\/periodicocentroccidente.com\/wp-content\/uploads\/2025\/04\/IMG_7966-696x392-1.jpeg\" \/>\n\t<meta property=\"og:image:width\" content=\"696\" \/>\n\t<meta property=\"og:image:height\" content=\"392\" \/>\n\t<meta property=\"og:image:type\" content=\"image\/jpeg\" \/>\n<meta name=\"author\" content=\"Ricardo\" \/>\n<meta name=\"twitter:card\" content=\"summary_large_image\" \/>\n<meta name=\"twitter:label1\" content=\"Escrito por\" \/>\n\t<meta name=\"twitter:data1\" content=\"Ricardo\" \/>\n\t<meta name=\"twitter:label2\" content=\"Tiempo de lectura\" \/>\n\t<meta name=\"twitter:data2\" content=\"2 minutos\" \/>\n<script type=\"application\/ld+json\" class=\"yoast-schema-graph\">{\"@context\":\"https:\/\/schema.org\",\"@graph\":[{\"@type\":\"WebPage\",\"@id\":\"https:\/\/periodicocentroccidente.com\/?p=1859\",\"url\":\"https:\/\/periodicocentroccidente.com\/?p=1859\",\"name\":\"Maduro: presupuesto de la naci\u00f3n para 2025 est\u00e1 al servicio de las comunidades -\",\"isPartOf\":{\"@id\":\"https:\/\/periodicocentroccidente.com\/#website\"},\"primaryImageOfPage\":{\"@id\":\"https:\/\/periodicocentroccidente.com\/?p=1859#primaryimage\"},\"image\":{\"@id\":\"https:\/\/periodicocentroccidente.com\/?p=1859#primaryimage\"},\"thumbnailUrl\":\"https:\/\/periodicocentroccidente.com\/wp-content\/uploads\/2025\/04\/IMG_7966-696x392-1.jpeg\",\"datePublished\":\"2025-04-28T18:25:15+00:00\",\"author\":{\"@id\":\"https:\/\/periodicocentroccidente.com\/#\/schema\/person\/f4e4a651098f3db198244657b7130e7e\"},\"breadcrumb\":{\"@id\":\"https:\/\/periodicocentroccidente.com\/?p=1859#breadcrumb\"},\"inLanguage\":\"es\",\"potentialAction\":[{\"@type\":\"ReadAction\",\"target\":[\"https:\/\/periodicocentroccidente.com\/?p=1859\"]}]},{\"@type\":\"ImageObject\",\"inLanguage\":\"es\",\"@id\":\"https:\/\/periodicocentroccidente.com\/?p=1859#primaryimage\",\"url\":\"https:\/\/periodicocentroccidente.com\/wp-content\/uploads\/2025\/04\/IMG_7966-696x392-1.jpeg\",\"contentUrl\":\"https:\/\/periodicocentroccidente.com\/wp-content\/uploads\/2025\/04\/IMG_7966-696x392-1.jpeg\",\"width\":696,\"height\":392},{\"@type\":\"BreadcrumbList\",\"@id\":\"https:\/\/periodicocentroccidente.com\/?p=1859#breadcrumb\",\"itemListElement\":[{\"@type\":\"ListItem\",\"position\":1,\"name\":\"Portada\",\"item\":\"https:\/\/periodicocentroccidente.com\/\"},{\"@type\":\"ListItem\",\"position\":2,\"name\":\"Maduro: presupuesto de la naci\u00f3n para 2025 est\u00e1 al servicio de las comunidades\"}]},{\"@type\":\"WebSite\",\"@id\":\"https:\/\/periodicocentroccidente.com\/#website\",\"url\":\"https:\/\/periodicocentroccidente.com\/\",\"name\":\"\",\"description\":\"Periodismo serio y responsable\",\"potentialAction\":[{\"@type\":\"SearchAction\",\"target\":{\"@type\":\"EntryPoint\",\"urlTemplate\":\"https:\/\/periodicocentroccidente.com\/?s={search_term_string}\"},\"query-input\":{\"@type\":\"PropertyValueSpecification\",\"valueRequired\":true,\"valueName\":\"search_term_string\"}}],\"inLanguage\":\"es\"},{\"@type\":\"Person\",\"@id\":\"https:\/\/periodicocentroccidente.com\/#\/schema\/person\/f4e4a651098f3db198244657b7130e7e\",\"name\":\"Ricardo\",\"image\":{\"@type\":\"ImageObject\",\"inLanguage\":\"es\",\"@id\":\"https:\/\/periodicocentroccidente.com\/#\/schema\/person\/image\/\",\"url\":\"https:\/\/secure.gravatar.com\/avatar\/402e6137108ec0fdaa7809184382fb1dd2f8b00264c1d945d341f2b8f90db429?s=96&d=mm&r=g\",\"contentUrl\":\"https:\/\/secure.gravatar.com\/avatar\/402e6137108ec0fdaa7809184382fb1dd2f8b00264c1d945d341f2b8f90db429?s=96&d=mm&r=g\",\"caption\":\"Ricardo\"},\"url\":\"https:\/\/periodicocentroccidente.com\/?author=2\"}]}<\/script>\n<!-- \/ Yoast SEO plugin. -->","yoast_head_json":{"title":"Maduro: presupuesto de la naci\u00f3n para 2025 est\u00e1 al servicio de las comunidades -","robots":{"index":"index","follow":"follow","max-snippet":"max-snippet:-1","max-image-preview":"max-image-preview:large","max-video-preview":"max-video-preview:-1"},"canonical":"https:\/\/periodicocentroccidente.com\/?p=1859","og_locale":"es_ES","og_type":"article","og_title":"Maduro: presupuesto de la naci\u00f3n para 2025 est\u00e1 al servicio de las comunidades -","og_description":"En este a&ntilde;o 2025, por primera vez en la historia de Venezuela, el presupuesto de la naci&oacute;n est&aacute; al servicio de la democracia directa y de las comunidades, asegur&oacute; el presidente de la Rep&uacute;blica, Nicol&aacute;s Maduro. &laquo;Va haber m&aacute;s y mejores recursos para los proyectos que se desarrollen desde las Agendas Concretas de Acci&oacute;n (ACA). &hellip;","og_url":"https:\/\/periodicocentroccidente.com\/?p=1859","article_published_time":"2025-04-28T18:25:15+00:00","og_image":[{"width":696,"height":392,"url":"https:\/\/periodicocentroccidente.com\/wp-content\/uploads\/2025\/04\/IMG_7966-696x392-1.jpeg","type":"image\/jpeg"}],"author":"Ricardo","twitter_card":"summary_large_image","twitter_misc":{"Escrito por":"Ricardo","Tiempo de lectura":"2 minutos"},"schema":{"@context":"https:\/\/schema.org","@graph":[{"@type":"WebPage","@id":"https:\/\/periodicocentroccidente.com\/?p=1859","url":"https:\/\/periodicocentroccidente.com\/?p=1859","name":"Maduro: presupuesto de la naci\u00f3n para 2025 est\u00e1 al servicio de las comunidades -","isPartOf":{"@id":"https:\/\/periodicocentroccidente.com\/#website"},"primaryImageOfPage":{"@id":"https:\/\/periodicocentroccidente.com\/?p=1859#primaryimage"},"image":{"@id":"https:\/\/periodicocentroccidente.com\/?p=1859#primaryimage"},"thumbnailUrl":"https:\/\/periodicocentroccidente.com\/wp-content\/uploads\/2025\/04\/IMG_7966-696x392-1.jpeg","datePublished":"2025-04-28T18:25:15+00:00","author":{"@id":"https:\/\/periodicocentroccidente.com\/#\/schema\/person\/f4e4a651098f3db198244657b7130e7e"},"breadcrumb":{"@id":"https:\/\/periodicocentroccidente.com\/?p=1859#breadcrumb"},"inLanguage":"es","potentialAction":[{"@type":"ReadAction","target":["https:\/\/periodicocentroccidente.com\/?p=1859"]}]},{"@type":"ImageObject","inLanguage":"es","@id":"https:\/\/periodicocentroccidente.com\/?p=1859#primaryimage","url":"https:\/\/periodicocentroccidente.com\/wp-content\/uploads\/2025\/04\/IMG_7966-696x392-1.jpeg","contentUrl":"https:\/\/periodicocentroccidente.com\/wp-content\/uploads\/2025\/04\/IMG_7966-696x392-1.jpeg","width":696,"height":392},{"@type":"BreadcrumbList","@id":"https:\/\/periodicocentroccidente.com\/?p=1859#breadcrumb","itemListElement":[{"@type":"ListItem","position":1,"name":"Portada","item":"https:\/\/periodicocentroccidente.com\/"},{"@type":"ListItem","position":2,"name":"Maduro: presupuesto de la naci\u00f3n para 2025 est\u00e1 al servicio de las comunidades"}]},{"@type":"WebSite","@id":"https:\/\/periodicocentroccidente.com\/#website","url":"https:\/\/periodicocentroccidente.com\/","name":"","description":"Periodismo serio y responsable","potentialAction":[{"@type":"SearchAction","target":{"@type":"EntryPoint","urlTemplate":"https:\/\/periodicocentroccidente.com\/?s={search_term_string}"},"query-input":{"@type":"PropertyValueSpecification","valueRequired":true,"valueName":"search_term_string"}}],"inLanguage":"es"},{"@type":"Person","@id":"https:\/\/periodicocentroccidente.com\/#\/schema\/person\/f4e4a651098f3db198244657b7130e7e","name":"Ricardo","image":{"@type":"ImageObject","inLanguage":"es","@id":"https:\/\/periodicocentroccidente.com\/#\/schema\/person\/image\/","url":"https:\/\/secure.gravatar.com\/avatar\/402e6137108ec0fdaa7809184382fb1dd2f8b00264c1d945d341f2b8f90db429?s=96&d=mm&r=g","contentUrl":"https:\/\/secure.gravatar.com\/avatar\/402e6137108ec0fdaa7809184382fb1dd2f8b00264c1d945d341f2b8f90db429?s=96&d=mm&r=g","caption":"Ricardo"},"url":"https:\/\/periodicocentroccidente.com\/?author=2"}]}},"jetpack_featured_media_url":"https:\/\/periodicocentroccidente.com\/wp-content\/uploads\/2025\/04\/IMG_7966-696x392-1.jpeg","jetpack_sharing_enabled":true,"jetpack-related-posts":[],"_links":{"self":[{"href":"https:\/\/periodicocentroccidente.com\/index.php?rest_route=\/wp\/v2\/posts\/1859","targetHints":{"allow":["GET"]}}],"collection":[{"href":"https:\/\/periodicocentroccidente.com\/index.php?rest_route=\/wp\/v2\/posts"}],"about":[{"href":"https:\/\/periodicocentroccidente.com\/index.php?rest_route=\/wp\/v2\/types\/post"}],"author":[{"embeddable":true,"href":"https:\/\/periodicocentroccidente.com\/index.php?rest_route=\/wp\/v2\/users\/2"}],"replies":[{"embeddable":true,"href":"https:\/\/periodicocentroccidente.com\/index.php?rest_route=%2Fwp%2Fv2%2Fcomments&post=1859"}],"version-history":[{"count":1,"href":"https:\/\/periodicocentroccidente.com\/index.php?rest_route=\/wp\/v2\/posts\/1859\/revisions"}],"predecessor-version":[{"id":1861,"href":"https:\/\/periodicocentroccidente.com\/index.php?rest_route=\/wp\/v2\/posts\/1859\/revisions\/1861"}],"wp:featuredmedia":[{"embeddable":true,"href":"https:\/\/periodicocentroccidente.com\/index.php?rest_route=\/wp\/v2\/media\/1860"}],"wp:attachment":[{"href":"https:\/\/periodicocentroccidente.com\/index.php?rest_route=%2Fwp%2Fv2%2Fmedia&parent=1859"}],"wp:term":[{"taxonomy":"category","embeddable":true,"href":"https:\/\/periodicocentroccidente.com\/index.php?rest_route=%2Fwp%2Fv2%2Fcategories&post=1859"},{"taxonomy":"post_tag","embeddable":true,"href":"https:\/\/periodicocentroccidente.com\/index.php?rest_route=%2Fwp%2Fv2%2Ftags&post=1859"}],"curies":[{"name":"wp","href":"https:\/\/api.w.org\/{rel}","templated":true}]}}